{"id":25938,"date":"2025-05-02T13:12:24","date_gmt":"2025-05-02T13:12:24","guid":{"rendered":"https:\/\/haberbesiktas.tr\/?p=25938"},"modified":"2025-05-02T13:12:24","modified_gmt":"2025-05-02T13:12:24","slug":"samet-akaydin-milli-takimdan-vazgecmedim","status":"publish","type":"post","link":"https:\/\/haberbesiktas.tr\/?p=25938","title":{"rendered":"Samet Akayd\u0131n: &#8220;Milli tak\u0131mdan vazge\u00e7medim&#8221;"},"content":{"rendered":"<div>Trendyol \u00dcst\u00fcn Lig&#8217;in 27. haftas\u0131nda 8 Mart&#8217;ta deplasmanda Onvo Antalyaspor ile kar\u015f\u0131la\u015facak \u00c7aykur Rizespor&#8217;un oyuncusu Samet Akaydin, alana kazanmak i\u00e7in \u00e7\u0131kacaklar\u0131n\u0131 s\u00f6yledi.<\/p>\n<p> Samet Akaydin, Mehmet Cengiz Tesisleri&#8217;ndeki idman \u00f6ncesinde gazetecilere yapt\u0131\u011f\u0131 a\u00e7\u0131klamada, iki ma\u00e7 \u00fcst \u00fcste kazanman\u0131n ekibin moral ve motivasyonunu art\u0131rd\u0131\u011f\u0131n\u0131 belirtti.<\/p>\n<p> Antalyaspor ma\u00e7\u0131 haz\u0131rl\u0131klar\u0131na ba\u015flad\u0131klar\u0131n\u0131 tabir eden Akaydin, <strong>&#8220;Her ma\u00e7\u0131 kazanmak i\u00e7in \u00e7al\u0131\u015f\u0131yoruz, Antalyaspor ma\u00e7\u0131 da bizim i\u00e7in o denli olacak. Kazanmak i\u00e7in \u00e7\u0131kaca\u011f\u0131z. Bunun i\u00e7in elimizden gelenin g\u00fczelini alana koymaya \u00e7al\u0131\u015faca\u011f\u0131z.&#8221;<\/strong> dedi.<\/p>\n<p> Akaydin, galibiyet serilerine devam etmek istediklerini belirterek, <strong>&#8220;G\u00fczel bir birlik ve beraberli\u011fimiz var, nitekim ekipte ahenk falan her \u015fey \u00e7ok yeterli, arkada\u015fl\u0131k \u00e7ok \u00e2l\u00e2. Ben Antalyaspor&#8217;dan da \u00e2l\u00e2 bir sonu\u00e7la ayr\u0131laca\u011f\u0131m\u0131z\u0131 d\u00fc\u015f\u00fcn\u00fcyorum.&#8221;<\/strong> diye konu\u015ftu.<\/p>\n<p> Rize&#8217;de yabanc\u0131l\u0131k \u00e7ekmedi\u011fini anlatan Akaydin, \u015f\u00f6yle devam etti:<\/p>\n<p> <strong>&#8220;Ben bu y\u00f6renin evlad\u0131y\u0131m. Uzun bir m\u00fcddettir Karadeniz&#8217;de de\u011fildim fakat burada do\u011fdum, burada b\u00fcy\u00fcd\u00fcm. Buralar\u0131n insanlar\u0131n\u0131n nas\u0131l oldu\u011funu biliyorum. \u0130nat\u00e7\u0131, pes etmeyen ve h\u0131rsl\u0131 bir yap\u0131m\u0131z oldu\u011funu her vakit biliyorum. Ben de \u00f6yleyim. Alanda her vakit en uygununu vermeye \u00e7al\u0131\u015f\u0131r\u0131m. \u00c7aykur Rizespor&#8217;da memnunum. Ligin ikinci yar\u0131s\u0131nda geldim. \u015eu anda buradaki maksad\u0131m \u00c7aykur Rizespor&#8217;u en d\u00fczg\u00fcn yerlere ta\u015f\u0131mak.&#8221;<\/strong><\/p>\n<p> \u00c7aykur Rizespor&#8217;da bir y\u0131l daha kontrat\u0131n\u0131n devam etti\u011fini lisana getiren Akaydin, <strong>&#8220;Onu \u015fu an d\u00fc\u015f\u00fcnm\u00fcyorum. Gayemiz bu devir \u00c7aykur Rizespor&#8217;u en yeterli halde hak etti\u011fi yere getirmek. Ondan sonras\u0131n\u0131 al\u0131\u015f\u0131lm\u0131\u015f bakaca\u011f\u0131z. S\u00fcre\u00e7 ne g\u00f6sterecek, g\u00f6rece\u011fiz daima birlikte.&#8221;<\/strong> tabirlerini kulland\u0131.<\/p>\n<p> Akaydin, A Ulusal Ekip&#8217;te oynamaya devam etti\u011fini de belirterek, \u015funlar\u0131 kaydetti:<\/p>\n<p> <strong>&#8220;\u0130yi bir Avrupa \u015eampiyonas\u0131 ge\u00e7irdik. Hedeflerim do\u011fal ki devam ediyor. \u00c7aykur Rizespor&#8217;a gelmem demek, ulusal ekipten vazge\u00e7mem demek yahut ulusal kadroya daha gidemeyece\u011fim manas\u0131na gelmiyor. Nerede olursam olay\u0131m performans\u0131m\u0131 en d\u00fczg\u00fcn halde g\u00f6stermek, oralara ili\u015fkin oldu\u011fumu g\u00f6stermek istiyorum. Burada da t\u0131pk\u0131 bi\u00e7imde. \u00d6n\u00fcm\u00fczde ulusal ekip ma\u00e7\u0131 var, 20-23 Mart&#8217;ta. \u0130n\u015fallah oraya da gidece\u011fim. Buna inan\u0131yorum. Fizik\u00ee olarak \u00e7ok g\u00fczel durumday\u0131m. Daha da uygun oluyorum. Oynad\u0131k\u00e7a daha d\u00fczg\u00fcn olaca\u011f\u0131m. \u0130n\u015fallah ulusal ekibimizde \u00fclkemizi temsil etmeye devam edece\u011fim.&#8221;<\/strong><\/p>\n<\/div>\n","protected":false},"excerpt":{"rendered":"<p>Samet Akayd\u0131n, Antalyaspor ma\u00e7\u0131 \u00f6ncesi a\u00e7\u0131klamalarda bulundu.<\/p>\n","protected":false},"author":1,"featured_media":25939,"comment_status":"open","ping_status":"open","sticky":false,"template":"","format":"standard","meta":{"footnotes":""},"categories":[25],"tags":[2312,1605,50,145],"class_list":["post-25938","post","type-post","status-publish","format-standard","has-post-thumbnail","hentry","category-futbol","tag-akaydin","tag-caykur","tag-mac","tag-milli-takim"],"_links":{"self":[{"href":"https:\/\/haberbesiktas.tr\/index.php?rest_route=\/wp\/v2\/posts\/25938","targetHints":{"allow":["GET"]}}],"collection":[{"href":"https:\/\/haberbesiktas.tr\/index.php?rest_route=\/wp\/v2\/posts"}],"about":[{"href":"https:\/\/haberbesiktas.tr\/index.php?rest_route=\/wp\/v2\/types\/post"}],"author":[{"embeddable":true,"href":"https:\/\/haberbesiktas.tr\/index.php?rest_route=\/wp\/v2\/users\/1"}],"replies":[{"embeddable":true,"href":"https:\/\/haberbesiktas.tr\/index.php?rest_route=%2Fwp%2Fv2%2Fcomments&post=25938"}],"version-history":[{"count":1,"href":"https:\/\/haberbesiktas.tr\/index.php?rest_route=\/wp\/v2\/posts\/25938\/revisions"}],"predecessor-version":[{"id":25940,"href":"https:\/\/haberbesiktas.tr\/index.php?rest_route=\/wp\/v2\/posts\/25938\/revisions\/25940"}],"wp:featuredmedia":[{"embeddable":true,"href":"https:\/\/haberbesiktas.tr\/index.php?rest_route=\/wp\/v2\/media\/25939"}],"wp:attachment":[{"href":"https:\/\/haberbesiktas.tr\/index.php?rest_route=%2Fwp%2Fv2%2Fmedia&parent=25938"}],"wp:term":[{"taxonomy":"category","embeddable":true,"href":"https:\/\/haberbesiktas.tr\/index.php?rest_route=%2Fwp%2Fv2%2Fcategories&post=25938"},{"taxonomy":"post_tag","embeddable":true,"href":"https:\/\/haberbesiktas.tr\/index.php?rest_route=%2Fwp%2Fv2%2Ftags&post=25938"}],"curies":[{"name":"wp","href":"https:\/\/api.w.org\/{rel}","templated":true}]}}