{"id":2596,"date":"2025-01-11T02:06:44","date_gmt":"2025-01-11T02:06:44","guid":{"rendered":"https:\/\/haberbesiktas.tr\/?p=2596"},"modified":"2025-01-11T02:06:44","modified_gmt":"2025-01-11T02:06:44","slug":"okan-buruktan-transfer-yaniti","status":"publish","type":"post","link":"https:\/\/haberbesiktas.tr\/?p=2596","title":{"rendered":"Okan Buruk&#8217;tan transfer yan\u0131t\u0131"},"content":{"rendered":"<div>Galatasaray Teknik Y\u00f6neticisi Okan Buruk, Ba\u015fak\u015fehir ma\u00e7\u0131n\u0131n akabinde konu\u015ftu.<\/p>\n<p> Okan Buruk, <strong>&#8220;Son penalt\u0131yla bitirsek, kazanarak bitirsek b\u00fcy\u00fck bir avantaj olacakt\u0131. Ma\u00e7a bakarsak; birinci yar\u0131 \u00fcretkenli\u011fimiz biraz daha azd\u0131. Yedi\u011fimiz gole kadar rakibimizi kalemize getirmemi\u015ftik. Yedi\u011fimiz golden sonra G\u00fcnay&#8217;\u0131n iki net kurtar\u0131\u015f\u0131 vard\u0131. \u0130kinci yar\u0131 de\u011fi\u015fikliklerle birlikte daha \u00e7ok \u00fcretmeye ba\u015flad\u0131k. Mertens ve Yunus ile daha organize atak ettik. 1-1&#8217;i bulduk, ikinci gol\u00fc erken yedik. Devam\u0131nda oyun olarak \u00e7ok g\u00fczeldik. Kalemize gelme talihi vermedik. \u00dcretkendik lakin gol\u00fc bulamad\u0131k. G\u00fcn\u00fcn sonunda 2-2 beraberlik. Ba\u015fak\u015fehir, \u00fclk\u00fc 11&#8217;ine yak\u0131n \u00e7\u0131kt\u0131. Oyun i\u00e7inde g\u00fc\u00e7l\u00fc ve planlar\u0131 olan bir grup. Gayretlerinden dolay\u0131 kutlar\u0131m. Hedefimiz ma\u00e7\u0131 kazanmak ve uzun m\u00fcddettir oynamayan oyuncular i\u00e7in k\u0131ymetli bir imtihand\u0131. Oynad\u0131k\u00e7a a\u00e7\u0131ld\u0131lar. Ma\u00e7\u0131n ba\u015f\u0131 biraz daha zordu. Sakatl\u0131ks\u0131z ge\u00e7irdik. Benim i\u00e7in en k\u0131ymetlisi bu. Bu ay \u00e7ok fazla ma\u00e7\u0131m\u0131z var. Hedefimiz tekrar kazanarak devam etmek.&#8221;<\/strong> dedi.<\/p>\n<p> <strong>VICTOR OSIMHEN<\/strong><\/p>\n<p> Ba\u015far\u0131l\u0131 teknik adam, ma\u00e7 tak\u0131m\u0131nda yer almayan Victor Osimhen i\u00e7in,<strong> &#8220;Osimhen yar\u0131n tekrar idmanlara ba\u015flayacak. Bug\u00fcn oynamayanlar i\u00e7in yar\u0131n ho\u015f bir egzersiz olacak. Eksi\u011fimiz yok. Hafta sonu tam tak\u0131m \u00e7\u0131kaca\u011f\u0131z. Ba\u015fak\u015fehir kaliteli oyunculara sahip, planlar\u0131 olan, tehlike yaratabilecek bir ekip. Ligin en golc\u00fc oyuncusu onlarda. \u015eiddetli bir ma\u00e7 bizi bekliyor. Gidip kazanmak istiyoruz.&#8221;<\/strong> diye konu\u015ftu.<\/p>\n<p> <strong>EREN ELMALI, TRANSFER<\/strong><\/p>\n<p> Okan Buruk, transfer ve g\u00fcndeme gelen Eren Elmal\u0131 sorusunun akabinde, <strong>&#8220;Transfer devri isimler ge\u00e7iyor. Ba\u015flamadan konu\u015fmak yanl\u0131\u015fs\u0131z olmuyor. Haz\u0131rl\u0131klar\u0131m\u0131z, planlar\u0131m\u0131z, kan\u0131lar\u0131m\u0131z var. Yanl\u0131\u015fs\u0131z karar vermek, ger\u00e7ek oyuncular \u00fczerinden gitmek gerekiyor. Nedenlerinden biri, yabanc\u0131 say\u0131s\u0131 ve Avrupa Ligi i\u00e7in 3 oyuncu de\u011fi\u015ftirme. \u00c7ok uygun bir planla gitmeliyiz. Hangi mevkiye alaca\u011f\u0131z, \u00e7ok istikametli oyuncu mu alaca\u011f\u0131z. G\u00f6r\u00fc\u015ft\u00fc\u011f\u00fcm\u00fcz oyuncular var. Ay\u0131n 13&#8217;\u00fc transfer ba\u015fl\u0131yor, bu ma\u00e7\u0131 ge\u00e7tikten sonra da biraz daha netle\u015fecek. Oyuncular\u0131n da bir an evvel bize kat\u0131lmas\u0131n\u0131 istiyoruz. Amac\u0131m\u0131z b\u00fcy\u00fck, \u015fampiyonluk ve Avrupa. Yeniden T\u00fcrkiye Kupas\u0131 k\u0131ymetli. \u00dc\u00e7 kupa i\u00e7in yar\u0131\u015fmal\u0131y\u0131z. Bunun i\u00e7in de \u00e7ok yeterli bir tak\u0131ma gereksinimimiz var.&#8221;<\/strong> a\u00e7\u0131klamas\u0131nda bulundu.<\/p>\n<\/div>\n","protected":false},"excerpt":{"rendered":"<p>Galatasaray Teknik Y\u00f6neticisi Okan Buruk, Ba\u015fak\u015fehir ma\u00e7\u0131n\u0131n akabinde konu\u015ftu.<\/p>\n","protected":false},"author":1,"featured_media":2597,"comment_status":"open","ping_status":"open","sticky":false,"template":"","format":"standard","meta":{"footnotes":""},"categories":[25],"tags":[43],"class_list":["post-2596","post","type-post","status-publish","format-standard","has-post-thumbnail","hentry","category-futbol","tag-oyun"],"_links":{"self":[{"href":"https:\/\/haberbesiktas.tr\/index.php?rest_route=\/wp\/v2\/posts\/2596","targetHints":{"allow":["GET"]}}],"collection":[{"href":"https:\/\/haberbesiktas.tr\/index.php?rest_route=\/wp\/v2\/posts"}],"about":[{"href":"https:\/\/haberbesiktas.tr\/index.php?rest_route=\/wp\/v2\/types\/post"}],"author":[{"embeddable":true,"href":"https:\/\/haberbesiktas.tr\/index.php?rest_route=\/wp\/v2\/users\/1"}],"replies":[{"embeddable":true,"href":"https:\/\/haberbesiktas.tr\/index.php?rest_route=%2Fwp%2Fv2%2Fcomments&post=2596"}],"version-history":[{"count":1,"href":"https:\/\/haberbesiktas.tr\/index.php?rest_route=\/wp\/v2\/posts\/2596\/revisions"}],"predecessor-version":[{"id":2598,"href":"https:\/\/haberbesiktas.tr\/index.php?rest_route=\/wp\/v2\/posts\/2596\/revisions\/2598"}],"wp:featuredmedia":[{"embeddable":true,"href":"https:\/\/haberbesiktas.tr\/index.php?rest_route=\/wp\/v2\/media\/2597"}],"wp:attachment":[{"href":"https:\/\/haberbesiktas.tr\/index.php?rest_route=%2Fwp%2Fv2%2Fmedia&parent=2596"}],"wp:term":[{"taxonomy":"category","embeddable":true,"href":"https:\/\/haberbesiktas.tr\/index.php?rest_route=%2Fwp%2Fv2%2Fcategories&post=2596"},{"taxonomy":"post_tag","embeddable":true,"href":"https:\/\/haberbesiktas.tr\/index.php?rest_route=%2Fwp%2Fv2%2Ftags&post=2596"}],"curies":[{"name":"wp","href":"https:\/\/api.w.org\/{rel}","templated":true}]}}