{"id":25989,"date":"2025-05-02T16:24:17","date_gmt":"2025-05-02T16:24:17","guid":{"rendered":"https:\/\/haberbesiktas.tr\/?p=25989"},"modified":"2025-05-02T16:24:17","modified_gmt":"2025-05-02T16:24:17","slug":"stefan-tarnovanudan-galatasaray-yaniti","status":"publish","type":"post","link":"https:\/\/haberbesiktas.tr\/?p=25989","title":{"rendered":"Stefan Tarnovanu&#8217;dan Galatasaray yan\u0131t\u0131!"},"content":{"rendered":"<div>FCSB kalecisi Stefan Tarnovanu, UEFA Avrupa Ligi&#8217;nde Lyon ile oynanacak ma\u00e7 \u00f6ncesi bas\u0131n toplant\u0131s\u0131nda a\u00e7\u0131klamalarda bulundu.<\/p>\n<p> Tarnovanu, Galatasaray ve Napoli&#8217;nin yetkililerin kendisini bu ma\u00e7ta takip edece\u011fi taraf\u0131nda haberlerin \u00e7\u0131kmas\u0131n\u0131n hat\u0131rlat\u0131lmas\u0131n\u0131n akabinde, <strong>&#8220;Tak\u0131m arkada\u015flar\u0131m sayesinde tepedeyim, tek ba\u015f\u0131ma bunu yapamazd\u0131m. Lyon ma\u00e7\u0131 \u00e7ok de\u011ferli bir ma\u00e7 ve tekrar\u0131 yok! Bu y\u00fczden buraya, kul\u00fcb\u00fcme odakland\u0131m. Yaz aylar\u0131na kadar tek niyetim bu.&#8221;<\/strong> tabirlerini kulland\u0131.<\/p>\n<p> 24 ya\u015f\u0131ndaki file bek\u00e7isi, bu d\u00f6nem 47 ma\u00e7ta FCSB&#8217;nin kalesini korudu. Tarnovanu, bu ma\u00e7lar\u0131n 19&#8217;unda kalesinde gole m\u00fcsaade vermedi.<\/p>\n<p> \u015eimdiki piyasa k\u0131ymeti 3.5 milyon euro olarak g\u00f6sterilen Rumen file bek\u00e7isinin kul\u00fcb\u00fc FCSB ile mukavelesi 2028 y\u0131l\u0131na kadar devam ediyor.<\/p>\n<\/div>\n","protected":false},"excerpt":{"rendered":"<p>Galatasaray, FCSB-Lyon ma\u00e7\u0131nda konut sahibi grubun kalecisi Stefan Tarnovanu&#8217;yu izleyecek. Tarnovanu, ma\u00e7 \u00f6ncesi kat\u0131ld\u0131\u011f\u0131 bas\u0131n toplant\u0131s\u0131nda yaz aylar\u0131na kadar kul\u00fcb\u00fc FCSB&#8217;ye odakland\u0131\u011f\u0131n\u0131 s\u00f6yledi.<\/p>\n","protected":false},"author":1,"featured_media":25990,"comment_status":"open","ping_status":"open","sticky":false,"template":"","format":"standard","meta":{"footnotes":""},"categories":[25],"tags":[50],"class_list":["post-25989","post","type-post","status-publish","format-standard","has-post-thumbnail","hentry","category-futbol","tag-mac"],"_links":{"self":[{"href":"https:\/\/haberbesiktas.tr\/index.php?rest_route=\/wp\/v2\/posts\/25989","targetHints":{"allow":["GET"]}}],"collection":[{"href":"https:\/\/haberbesiktas.tr\/index.php?rest_route=\/wp\/v2\/posts"}],"about":[{"href":"https:\/\/haberbesiktas.tr\/index.php?rest_route=\/wp\/v2\/types\/post"}],"author":[{"embeddable":true,"href":"https:\/\/haberbesiktas.tr\/index.php?rest_route=\/wp\/v2\/users\/1"}],"replies":[{"embeddable":true,"href":"https:\/\/haberbesiktas.tr\/index.php?rest_route=%2Fwp%2Fv2%2Fcomments&post=25989"}],"version-history":[{"count":1,"href":"https:\/\/haberbesiktas.tr\/index.php?rest_route=\/wp\/v2\/posts\/25989\/revisions"}],"predecessor-version":[{"id":25991,"href":"https:\/\/haberbesiktas.tr\/index.php?rest_route=\/wp\/v2\/posts\/25989\/revisions\/25991"}],"wp:featuredmedia":[{"embeddable":true,"href":"https:\/\/haberbesiktas.tr\/index.php?rest_route=\/wp\/v2\/media\/25990"}],"wp:attachment":[{"href":"https:\/\/haberbesiktas.tr\/index.php?rest_route=%2Fwp%2Fv2%2Fmedia&parent=25989"}],"wp:term":[{"taxonomy":"category","embeddable":true,"href":"https:\/\/haberbesiktas.tr\/index.php?rest_route=%2Fwp%2Fv2%2Fcategories&post=25989"},{"taxonomy":"post_tag","embeddable":true,"href":"https:\/\/haberbesiktas.tr\/index.php?rest_route=%2Fwp%2Fv2%2Ftags&post=25989"}],"curies":[{"name":"wp","href":"https:\/\/api.w.org\/{rel}","templated":true}]}}