{"id":25998,"date":"2025-05-02T17:00:15","date_gmt":"2025-05-02T17:00:15","guid":{"rendered":"https:\/\/haberbesiktas.tr\/?p=25998"},"modified":"2025-05-02T17:00:15","modified_gmt":"2025-05-02T17:00:15","slug":"psgden-joshua-kimmiche-teklif","status":"publish","type":"post","link":"https:\/\/haberbesiktas.tr\/?p=25998","title":{"rendered":"PSG&#8217;den Joshua Kimmich&#8217;e teklif!"},"content":{"rendered":"<div>Bayern M\u00fcnih formas\u0131 giyen Joshua Kimmich, kul\u00fcb\u00fcyle ya\u015fad\u0131\u011f\u0131 kontrat uyu\u015fmazl\u0131\u011f\u0131n\u0131n akabinde transferin be\u011fenilen isimlerinden biri oldu.<\/p>\n<p> Arsenal&#8217;in akabinde Paris Saint-Germain de Alman y\u0131ld\u0131z i\u00e7in harekete ge\u00e7ti. PSG, Joshua Kimmich&#8217;e 2029 y\u0131l\u0131na kadar s\u00fcrecek de\u011ferli bir kontrat teklif etti.<\/p>\n<p> Bayern M\u00fcnih ile de yeni kontrat g\u00f6r\u00fc\u015fmelerine devam eden Kimmich, PSG&#8217;den gelen bu teklife kar\u015f\u0131l\u0131k vermedi ve beklemeye ge\u00e7ti.<\/p>\n<p> 30 ya\u015f\u0131ndaki futbolcunun gelece\u011finin \u00f6n\u00fcm\u00fczdeki devirde netlik kazanmas\u0131 bekleniyor.<\/p>\n<\/div>\n","protected":false},"excerpt":{"rendered":"<p>Paris Saint-Germain, Bayern M\u00fcnih ile mukavelesi bitecek Joshua Kimmich&#8217;e mukavele teklifinde bulundu.<\/p>\n","protected":false},"author":1,"featured_media":25999,"comment_status":"open","ping_status":"open","sticky":false,"template":"","format":"standard","meta":{"footnotes":""},"categories":[25],"tags":[],"class_list":["post-25998","post","type-post","status-publish","format-standard","has-post-thumbnail","hentry","category-futbol"],"_links":{"self":[{"href":"https:\/\/haberbesiktas.tr\/index.php?rest_route=\/wp\/v2\/posts\/25998","targetHints":{"allow":["GET"]}}],"collection":[{"href":"https:\/\/haberbesiktas.tr\/index.php?rest_route=\/wp\/v2\/posts"}],"about":[{"href":"https:\/\/haberbesiktas.tr\/index.php?rest_route=\/wp\/v2\/types\/post"}],"author":[{"embeddable":true,"href":"https:\/\/haberbesiktas.tr\/index.php?rest_route=\/wp\/v2\/users\/1"}],"replies":[{"embeddable":true,"href":"https:\/\/haberbesiktas.tr\/index.php?rest_route=%2Fwp%2Fv2%2Fcomments&post=25998"}],"version-history":[{"count":1,"href":"https:\/\/haberbesiktas.tr\/index.php?rest_route=\/wp\/v2\/posts\/25998\/revisions"}],"predecessor-version":[{"id":26000,"href":"https:\/\/haberbesiktas.tr\/index.php?rest_route=\/wp\/v2\/posts\/25998\/revisions\/26000"}],"wp:featuredmedia":[{"embeddable":true,"href":"https:\/\/haberbesiktas.tr\/index.php?rest_route=\/wp\/v2\/media\/25999"}],"wp:attachment":[{"href":"https:\/\/haberbesiktas.tr\/index.php?rest_route=%2Fwp%2Fv2%2Fmedia&parent=25998"}],"wp:term":[{"taxonomy":"category","embeddable":true,"href":"https:\/\/haberbesiktas.tr\/index.php?rest_route=%2Fwp%2Fv2%2Fcategories&post=25998"},{"taxonomy":"post_tag","embeddable":true,"href":"https:\/\/haberbesiktas.tr\/index.php?rest_route=%2Fwp%2Fv2%2Ftags&post=25998"}],"curies":[{"name":"wp","href":"https:\/\/api.w.org\/{rel}","templated":true}]}}