{"id":26001,"date":"2025-05-02T17:12:18","date_gmt":"2025-05-02T17:12:18","guid":{"rendered":"https:\/\/haberbesiktas.tr\/?p=26001"},"modified":"2025-05-02T17:12:18","modified_gmt":"2025-05-02T17:12:18","slug":"ianis-hagiden-turkiyeye-transfer-yaniti","status":"publish","type":"post","link":"https:\/\/haberbesiktas.tr\/?p=26001","title":{"rendered":"Ianis Hagi&#8217;den T\u00fcrkiye&#8217;ye transfer yan\u0131t\u0131!"},"content":{"rendered":"<div>Rangers formas\u0131 giyen Ianis Hagi, Fenerbah\u00e7e ma\u00e7\u0131 \u00f6ncesi bas\u0131n toplant\u0131s\u0131nda a\u00e7\u0131klamalarda bulundu.<\/p>\n<p><strong>T\u00dcRK\u0130YE&#8217;YE TRANSFER<\/strong><\/p>\n<p> Hagi, <strong>&#8220;Ad\u0131 Fenerbah\u00e7e ve Galatasaray ile ge\u00e7ti. \u015eu anda Rangers mesle\u011fini d\u00fc\u015f\u00fcn\u00fcyor tahminen lakin gelecekte bir g\u00fcn do\u011fdu\u011fu \u00fclkeye gelmeyi d\u00fc\u015f\u00fcn\u00fcyor mu?&#8221; sorusunun akabinde, &#8220;\u015eu anda gelece\u011fim hakk\u0131nda konu\u015fman\u0131n yanl\u0131\u015fs\u0131z oldu\u011funu d\u00fc\u015f\u00fcnm\u00fcyorum. \u015eu anda b\u00fcsb\u00fct\u00fcn Rangers ve Fenerbah\u00e7e ma\u00e7\u0131na odakl\u0131y\u0131m. Yine Avrupa&#8217;da oynamay\u0131 bekliyordum son bir y\u0131l i\u00e7erisinde. Yar\u0131nki ma\u00e7 i\u00e7in \u00e7ok heyecanl\u0131y\u0131m bu y\u00fczden gelece\u011fim hakk\u0131nda konu\u015fmak mant\u0131kl\u0131 gelmiyor. Futbolda her \u015fey \u00e7ok s\u00fcratli de\u011fi\u015fir.&#8221;<\/strong> kar\u015f\u0131l\u0131\u011f\u0131n\u0131 verdi.<\/p>\n<p> A\u00e7\u0131klamalar\u0131na devam eden Rumen futbolcu, <strong>&#8220;Bir Rangers oyuncusu olarak her 3-4 g\u00fcnde bir ma\u00e7a \u00e7\u0131kmak zorundas\u0131n\u0131z. Her vakit sonraki ma\u00e7 i\u00e7in haz\u0131r olmal\u0131s\u0131n\u0131z. Son birka\u00e7 hafta bizim i\u00e7in gere\u011fince yeterli de\u011fildi lakin idmanda \u00e7ok \u00e7al\u0131\u015f\u0131yoruz. Yar\u0131n i\u00e7in haz\u0131r oldu\u011fumuzu d\u00fc\u015f\u00fcn\u00fcyorum. Bizim i\u00e7in k\u0131ymetli bir ma\u00e7 olacak. Son birka\u00e7 hafta formumuz d\u00fc\u015f\u00fckt\u00fc lakin Fenerbah\u00e7e ma\u00e7\u0131na haz\u0131r oldu\u011fumuzu d\u00fc\u015f\u00fcn\u00fcyorum.&#8221;<\/strong> dedi.<\/p>\n<p> <strong>&#8220;Aile ba\u011flar\u0131n\u0131zdan, Galatasaray ile olan ba\u011flar\u0131n\u0131zdan bahsettiniz. Sizin i\u00e7in \u00f6zel bir motivasyon sa\u011flad\u0131 m\u0131 bu?<\/strong>&#8221; sorusuna kar\u015f\u0131l\u0131k veren Hagi, <strong>&#8220;Benim i\u00e7in en b\u00fcy\u00fck motivasyon Rangers&#8217;\u0131 alanda en uygun halde temsil etmek. Rangers \u00e7ok b\u00fcy\u00fck bir kul\u00fcp ve burada futbolcu olmak beni daha uygun insan ve uygun bir futbolcu yapt\u0131. Her g\u00fcn en d\u00fczg\u00fcn\u00fc i\u00e7in \u00e7abal\u0131yorum. Yar\u0131n da birebirini yapaca\u011f\u0131m. Rangers kul\u00fcb\u00fc i\u00e7in her vakit kan\u0131m\u0131n son damlas\u0131na kadar u\u011fra\u015f ettim ve Fenerbah\u00e7e kar\u015f\u0131s\u0131nda da birebirini yapaca\u011f\u0131m.&#8221;<\/strong> tabirlerini kulland\u0131.<\/p>\n<p><strong>&#8220;BABAMLA KONU\u015eUYORUZ&#8221;<\/strong><\/p>\n<p> <strong>&#8220;Baban\u0131z\u0131n bu \u00fclkedeki \u015f\u00f6hretini d\u00fc\u015f\u00fcn\u00fcrsek onun ad\u0131mlar\u0131n\u0131 izlemek ve yine bu \u00fclkede futbol oynamak senin i\u00e7in ne hissettiriyor?&#8221;<\/strong> sorusunu yan\u0131tlayan Ianis Hagi,<strong> &#8220;Babamla ma\u00e7lardan evvel ve sonra konu\u015fuyorum. Avrupa ma\u00e7lar\u0131n\u0131n ve deplasman ma\u00e7lar\u0131n\u0131n zorlu\u011funu o \u00e7ok d\u00fczg\u00fcn biliyor. Al\u0131\u015f\u0131lm\u0131\u015f ki ma\u00e7 hakk\u0131nda konu\u015fuyoruz. T\u00fcrkiye&#8217;yi \u00e7ok g\u00fczel bilen bir insan. Lakin genel olarak \u015funu s\u00f6yleyebilirim, benim i\u00e7in \u0130stanbul&#8217;da oynamak \u00e7ok k\u0131ymetli. Ailem i\u00e7in de \u00e7ok k\u0131ymetli. Daha d\u00fczg\u00fcn oynamam i\u00e7in beni motive eden bir \u00f6ge.<\/strong>&#8221; tabirlerini kulland\u0131.<\/p>\n<p><strong>RANGERS \u0130LE S\u00d6ZLE\u015eMES\u0130<\/strong><\/p>\n<p> <strong>&#8220;Rangers ile mukavele yenilemeyece\u011fin haberleri \u00e7\u0131kt\u0131. Buna a\u00e7\u0131kl\u0131k getirir misin?&#8221;<\/strong> sorusunun akabinde Rumen oyuncu, <strong>&#8220;Bu husus kul\u00fcp ve temsilcilerim ortas\u0131nda olan bir \u015fey. \u015eu anda bu soruyu cevaplayamam. Ma\u00e7 ma\u00e7 odaklanmak \u00e7ok daha de\u011ferli benim i\u00e7in. Menajerlerim duruma daha hakim.&#8221;<\/strong> dedi.<\/p>\n<\/div>\n","protected":false},"excerpt":{"rendered":"<p>Rangers formas\u0131 giyen Ianis Hagi, Fenerbah\u00e7e ma\u00e7\u0131 \u00f6ncesi bas\u0131n toplant\u0131s\u0131nda a\u00e7\u0131klamalarda bulundu.<\/p>\n","protected":false},"author":1,"featured_media":26002,"comment_status":"open","ping_status":"open","sticky":false,"template":"","format":"standard","meta":{"footnotes":""},"categories":[25],"tags":[115,172,50,1121],"class_list":["post-26001","post","type-post","status-publish","format-standard","has-post-thumbnail","hentry","category-futbol","tag-fenerbahce","tag-futbol","tag-mac","tag-rangers"],"_links":{"self":[{"href":"https:\/\/haberbesiktas.tr\/index.php?rest_route=\/wp\/v2\/posts\/26001","targetHints":{"allow":["GET"]}}],"collection":[{"href":"https:\/\/haberbesiktas.tr\/index.php?rest_route=\/wp\/v2\/posts"}],"about":[{"href":"https:\/\/haberbesiktas.tr\/index.php?rest_route=\/wp\/v2\/types\/post"}],"author":[{"embeddable":true,"href":"https:\/\/haberbesiktas.tr\/index.php?rest_route=\/wp\/v2\/users\/1"}],"replies":[{"embeddable":true,"href":"https:\/\/haberbesiktas.tr\/index.php?rest_route=%2Fwp%2Fv2%2Fcomments&post=26001"}],"version-history":[{"count":1,"href":"https:\/\/haberbesiktas.tr\/index.php?rest_route=\/wp\/v2\/posts\/26001\/revisions"}],"predecessor-version":[{"id":26003,"href":"https:\/\/haberbesiktas.tr\/index.php?rest_route=\/wp\/v2\/posts\/26001\/revisions\/26003"}],"wp:featuredmedia":[{"embeddable":true,"href":"https:\/\/haberbesiktas.tr\/index.php?rest_route=\/wp\/v2\/media\/26002"}],"wp:attachment":[{"href":"https:\/\/haberbesiktas.tr\/index.php?rest_route=%2Fwp%2Fv2%2Fmedia&parent=26001"}],"wp:term":[{"taxonomy":"category","embeddable":true,"href":"https:\/\/haberbesiktas.tr\/index.php?rest_route=%2Fwp%2Fv2%2Fcategories&post=26001"},{"taxonomy":"post_tag","embeddable":true,"href":"https:\/\/haberbesiktas.tr\/index.php?rest_route=%2Fwp%2Fv2%2Ftags&post=26001"}],"curies":[{"name":"wp","href":"https:\/\/api.w.org\/{rel}","templated":true}]}}