{"id":2602,"date":"2025-01-11T02:54:44","date_gmt":"2025-01-11T02:54:44","guid":{"rendered":"https:\/\/haberbesiktas.tr\/?p=2602"},"modified":"2025-01-11T02:54:44","modified_gmt":"2025-01-11T02:54:44","slug":"youssef-en-nesyriden-al-nassra-ret","status":"publish","type":"post","link":"https:\/\/haberbesiktas.tr\/?p=2602","title":{"rendered":"Youssef En-Nesyri&#8217;den Al Nassr&#8217;a ret!"},"content":{"rendered":"<div>Fenerbah\u00e7e formas\u0131 giyen Youssef En-Nesyri, Al Nassr&#8217;\u0131 geri \u00e7evirdi.<\/p>\n<p> Frans\u0131z bas\u0131n\u0131nda yer alan habere nazaran, Fenerbah\u00e7e&#8217;ye transferinden evvel de Fasl\u0131 futbolcu ile ilgilenen Al Nassr, En-Nesyri&#8217;ye de\u011ferli bir teklifte bulundu.<\/p>\n<p> <strong>EN-NESYRI KABUL ETMED\u0130<\/strong><\/p>\n<p> 2025 y\u0131l\u0131nda \u00fclkesinde d\u00fczenlenecek Afrika Uluslar Kupas\u0131&#8217;nda uzunluk g\u00f6stermek i\u00e7in Avrupa&#8217;da kalmak isteyen En-Nesyri ise Al Nassr&#8217;dan gelen bu de\u011ferli teklifi kabul etmedi.<\/p>\n<p> <strong>FENERBAH\u00c7E PERFORMANSI<\/strong><\/p>\n<p> Fenerbah\u00e7e, 27 ya\u015f\u0131ndaki futbolcuyu yaz transfer devrinde Sevilla&#8217;da 19.5 milyon euro bonservis bedeliyle tak\u0131m\u0131na katm\u0131\u015ft\u0131.<\/p>\n<p> \u015eimdiki piyasa bedeli 22 milyon euro olarak g\u00f6sterilen En-Nesyri&#8217;nin Fenerbah\u00e7e ile mukavelesi 2029 y\u0131l\u0131na kadar devam ediyor.<\/p>\n<p> Fenerbah\u00e7e&#8217;de bu d\u00f6nem \u015fu ana kadar 25 ma\u00e7ta m\u00fchlet bulan En-Nesyri, 11 gol att\u0131 ve 3 asist yapt\u0131.<\/p>\n<\/div>\n","protected":false},"excerpt":{"rendered":"<p>Fenerbah\u00e7e formas\u0131 giyen Youssef En-Nesyri, Al Nassr&#8217;dan gelen k\u0131ymetli bir teklifi geri \u00e7evirdi.<\/p>\n","protected":false},"author":1,"featured_media":2603,"comment_status":"open","ping_status":"open","sticky":false,"template":"","format":"standard","meta":{"footnotes":""},"categories":[25],"tags":[135,115],"class_list":["post-2602","post","type-post","status-publish","format-standard","has-post-thumbnail","hentry","category-futbol","tag-en-nesyri","tag-fenerbahce"],"_links":{"self":[{"href":"https:\/\/haberbesiktas.tr\/index.php?rest_route=\/wp\/v2\/posts\/2602","targetHints":{"allow":["GET"]}}],"collection":[{"href":"https:\/\/haberbesiktas.tr\/index.php?rest_route=\/wp\/v2\/posts"}],"about":[{"href":"https:\/\/haberbesiktas.tr\/index.php?rest_route=\/wp\/v2\/types\/post"}],"author":[{"embeddable":true,"href":"https:\/\/haberbesiktas.tr\/index.php?rest_route=\/wp\/v2\/users\/1"}],"replies":[{"embeddable":true,"href":"https:\/\/haberbesiktas.tr\/index.php?rest_route=%2Fwp%2Fv2%2Fcomments&post=2602"}],"version-history":[{"count":1,"href":"https:\/\/haberbesiktas.tr\/index.php?rest_route=\/wp\/v2\/posts\/2602\/revisions"}],"predecessor-version":[{"id":2604,"href":"https:\/\/haberbesiktas.tr\/index.php?rest_route=\/wp\/v2\/posts\/2602\/revisions\/2604"}],"wp:featuredmedia":[{"embeddable":true,"href":"https:\/\/haberbesiktas.tr\/index.php?rest_route=\/wp\/v2\/media\/2603"}],"wp:attachment":[{"href":"https:\/\/haberbesiktas.tr\/index.php?rest_route=%2Fwp%2Fv2%2Fmedia&parent=2602"}],"wp:term":[{"taxonomy":"category","embeddable":true,"href":"https:\/\/haberbesiktas.tr\/index.php?rest_route=%2Fwp%2Fv2%2Fcategories&post=2602"},{"taxonomy":"post_tag","embeddable":true,"href":"https:\/\/haberbesiktas.tr\/index.php?rest_route=%2Fwp%2Fv2%2Ftags&post=2602"}],"curies":[{"name":"wp","href":"https:\/\/api.w.org\/{rel}","templated":true}]}}