{"id":2605,"date":"2025-01-11T03:06:44","date_gmt":"2025-01-11T03:06:44","guid":{"rendered":"https:\/\/haberbesiktas.tr\/?p=2605"},"modified":"2025-01-11T03:06:44","modified_gmt":"2025-01-11T03:06:44","slug":"cbk-mersin-fransada-galip","status":"publish","type":"post","link":"https:\/\/haberbesiktas.tr\/?p=2605","title":{"rendered":"\u00c7BK Mersin, Fransa&#8217;da galip"},"content":{"rendered":"<div>\u00c7BK Mersin Bayan Basketbol Kadrosu, FIBA Bayanlar EuroLeague 2. t\u0131p 3. ma\u00e7\u0131nda deplasmanda Fransa&#8217;n\u0131n Basket Landes tak\u0131m\u0131n\u0131 73-53 yendi.<\/p>\n<p> Fran\u00e7ois Mitterrand Salonu&#8217;nda oynanan E K\u00fcmesi kar\u015f\u0131la\u015fmas\u0131n\u0131n birinci \u00e7eyre\u011fini 13-10 \u00f6nde tamamlayan \u00c7BK Mersin, ikinci d\u00f6nemde fark\u0131 \u00e7ift haneye \u00e7\u0131kararak soyunma odas\u0131na 38-27 \u00fcst\u00fcn gitti.<\/p>\n<p> Final d\u00f6nemine 56-41 \u00f6nde giren \u00c7BK Mersin, parkeden 73-53 galip ayr\u0131ld\u0131 ve ikinci t\u0131pta 3&#8217;te 3 yapt\u0131.<\/p>\n<p> EuroLeague&#8217;de yoluna &#8220;nama\u011flup&#8221; devam eden \u00c7BK Mersin, birinci \u00e7e\u015fitteki 6 m\u00fcsabakay\u0131 da kazanm\u0131\u015ft\u0131.<\/p>\n<\/div>\n","protected":false},"excerpt":{"rendered":"<p>\u00c7BK Mersin, FIBA Bayanlar EuroLeague 2. cins 3. ma\u00e7\u0131nda deplasmanda Fransa&#8217;n\u0131n Basket Landes grubunu 73-53 yendi.<\/p>\n","protected":false},"author":1,"featured_media":2606,"comment_status":"open","ping_status":"open","sticky":false,"template":"","format":"standard","meta":{"footnotes":""},"categories":[10],"tags":[],"class_list":["post-2605","post","type-post","status-publish","format-standard","has-post-thumbnail","hentry","category-basketbol"],"_links":{"self":[{"href":"https:\/\/haberbesiktas.tr\/index.php?rest_route=\/wp\/v2\/posts\/2605","targetHints":{"allow":["GET"]}}],"collection":[{"href":"https:\/\/haberbesiktas.tr\/index.php?rest_route=\/wp\/v2\/posts"}],"about":[{"href":"https:\/\/haberbesiktas.tr\/index.php?rest_route=\/wp\/v2\/types\/post"}],"author":[{"embeddable":true,"href":"https:\/\/haberbesiktas.tr\/index.php?rest_route=\/wp\/v2\/users\/1"}],"replies":[{"embeddable":true,"href":"https:\/\/haberbesiktas.tr\/index.php?rest_route=%2Fwp%2Fv2%2Fcomments&post=2605"}],"version-history":[{"count":1,"href":"https:\/\/haberbesiktas.tr\/index.php?rest_route=\/wp\/v2\/posts\/2605\/revisions"}],"predecessor-version":[{"id":2607,"href":"https:\/\/haberbesiktas.tr\/index.php?rest_route=\/wp\/v2\/posts\/2605\/revisions\/2607"}],"wp:featuredmedia":[{"embeddable":true,"href":"https:\/\/haberbesiktas.tr\/index.php?rest_route=\/wp\/v2\/media\/2606"}],"wp:attachment":[{"href":"https:\/\/haberbesiktas.tr\/index.php?rest_route=%2Fwp%2Fv2%2Fmedia&parent=2605"}],"wp:term":[{"taxonomy":"category","embeddable":true,"href":"https:\/\/haberbesiktas.tr\/index.php?rest_route=%2Fwp%2Fv2%2Fcategories&post=2605"},{"taxonomy":"post_tag","embeddable":true,"href":"https:\/\/haberbesiktas.tr\/index.php?rest_route=%2Fwp%2Fv2%2Ftags&post=2605"}],"curies":[{"name":"wp","href":"https:\/\/api.w.org\/{rel}","templated":true}]}}