{"id":26055,"date":"2025-05-02T20:36:14","date_gmt":"2025-05-02T20:36:14","guid":{"rendered":"https:\/\/haberbesiktas.tr\/?p=26055"},"modified":"2025-05-02T20:36:14","modified_gmt":"2025-05-02T20:36:14","slug":"barcelona-10-kisi-kaldi-ama-rapinha-sahneye-cikti","status":"publish","type":"post","link":"https:\/\/haberbesiktas.tr\/?p=26055","title":{"rendered":"Barcelona 10 ki\u015fi kald\u0131 ama Rapinha sahneye \u00e7\u0131kt\u0131!"},"content":{"rendered":"<div>\u015eampiyonlar Ligi Son 16 \u00c7e\u015fidi birinci ma\u00e7\u0131nda Portekiz tak\u0131m\u0131 Benfica ile \u0130spanyol devi Barcelona kar\u015f\u0131la\u015ft\u0131. U\u011fra\u015fta 10 ki\u015fi kalan Barcelona, ma\u00e7\u0131 1-0 kazanmay\u0131 ba\u015fard\u0131.<\/p>\n<p> Barcelona&#8217;ya deplasmanda galibiyeti getiren gol\u00fc 61. dakikada Raphinha kaydetti. 28 ya\u015f\u0131ndaki Brezilyal\u0131 futbolcu, bu d\u00f6nem 9. \u015eampiyonlar Ligi ma\u00e7\u0131nda, 9. gol\u00fcn\u00fc att\u0131. Rapinha, \u0130spanya Ligi&#8217;nde ise 26 ma\u00e7ta 13 gol ve 9 asistlik performans sergiledi.<\/p>\n<p> Katalan grubunda defans oyuncusu Pau Cubarsi, 22. dakikada k\u0131rm\u0131z\u0131 kartla oyun d\u0131\u015f\u0131nda kald\u0131. Barcelona ma\u00e7\u0131 uzun m\u00fcddet eksik g\u00f6t\u00fcrmesine kar\u015f\u0131n galibiyete ula\u015fmay\u0131 ba\u015fard\u0131.<\/p>\n<p> <strong>ORKUN VE KEREM 11 BA\u015eLADI<\/strong><\/p>\n<p> Benfica&#8217;da ulusal futbolcular\u0131m\u0131zdan Orkun K\u00f6k\u00e7\u00fc ve Kerem Akt\u00fcrko\u011flu ma\u00e7a birinci 11&#8217;de ba\u015flad\u0131. Orkun K\u00f6\u00e7\u00fc, 84. dakikada yerini Renao Sanches&#8217;e b\u0131rakt\u0131. Kerem ise 90 dakika alanda kald\u0131.\u00a0<\/p>\n<p> Birinci ma\u00e7\u0131 kaybeden Benfica, 11 Mart Sal\u0131 g\u00fcn\u00fc Barcelona ile \u0130spanya&#8217;da kar\u015f\u0131la\u015facak.<\/p>\n<blockquote class=\"twitter-tweet\" data-width=\"500\" data-dnt=\"true\">\n<p lang=\"tr\" dir=\"ltr\">\u26bd\ud83d\ude80Raphinha uzaktan harika vuruyor topa! 10 ki\u015fi Barcelona deplasmanda 1-0 \u00f6ne ge\u00e7iyor! <a href=\"https:\/\/t.co\/uEYhbpXDTb\" rel=\"nofollow\">pic.twitter.com\/uEYhbpXDTb<\/a><\/p>\n<p>&mdash; Sporxtv (@sporxtv) <a href=\"https:\/\/twitter.com\/sporxtv\/status\/1897399123013210139?ref_src=twsrc%5Etfw\" rel=\"nofollow noopener\" target=\"_blank\">March 5, 2025<\/a><\/p><\/blockquote>\n<p><script async src=\"https:\/\/platform.twitter.com\/widgets.js\" charset=\"utf-8\"><\/script><\/p>\n<\/p><\/div>\n","protected":false},"excerpt":{"rendered":"<p>\u015eampiyonlar Ligi&#8217;nde Benfica deplasman\u0131nda erken bir dakikada 10 ki\u015fi kalan Barcelona, galibiyete ula\u015ft\u0131.<\/p>\n","protected":false},"author":1,"featured_media":26057,"comment_status":"open","ping_status":"open","sticky":false,"template":"","format":"standard","meta":{"footnotes":""},"categories":[25],"tags":[307],"class_list":["post-26055","post","type-post","status-publish","format-standard","has-post-thumbnail","hentry","category-futbol","tag-barcelona"],"_links":{"self":[{"href":"https:\/\/haberbesiktas.tr\/index.php?rest_route=\/wp\/v2\/posts\/26055","targetHints":{"allow":["GET"]}}],"collection":[{"href":"https:\/\/haberbesiktas.tr\/index.php?rest_route=\/wp\/v2\/posts"}],"about":[{"href":"https:\/\/haberbesiktas.tr\/index.php?rest_route=\/wp\/v2\/types\/post"}],"author":[{"embeddable":true,"href":"https:\/\/haberbesiktas.tr\/index.php?rest_route=\/wp\/v2\/users\/1"}],"replies":[{"embeddable":true,"href":"https:\/\/haberbesiktas.tr\/index.php?rest_route=%2Fwp%2Fv2%2Fcomments&post=26055"}],"version-history":[{"count":1,"href":"https:\/\/haberbesiktas.tr\/index.php?rest_route=\/wp\/v2\/posts\/26055\/revisions"}],"predecessor-version":[{"id":26058,"href":"https:\/\/haberbesiktas.tr\/index.php?rest_route=\/wp\/v2\/posts\/26055\/revisions\/26058"}],"wp:featuredmedia":[{"embeddable":true,"href":"https:\/\/haberbesiktas.tr\/index.php?rest_route=\/wp\/v2\/media\/26057"}],"wp:attachment":[{"href":"https:\/\/haberbesiktas.tr\/index.php?rest_route=%2Fwp%2Fv2%2Fmedia&parent=26055"}],"wp:term":[{"taxonomy":"category","embeddable":true,"href":"https:\/\/haberbesiktas.tr\/index.php?rest_route=%2Fwp%2Fv2%2Fcategories&post=26055"},{"taxonomy":"post_tag","embeddable":true,"href":"https:\/\/haberbesiktas.tr\/index.php?rest_route=%2Fwp%2Fv2%2Ftags&post=26055"}],"curies":[{"name":"wp","href":"https:\/\/api.w.org\/{rel}","templated":true}]}}