{"id":2608,"date":"2025-01-11T03:18:44","date_gmt":"2025-01-11T03:18:44","guid":{"rendered":"https:\/\/haberbesiktas.tr\/?p=2608"},"modified":"2025-01-11T03:18:44","modified_gmt":"2025-01-11T03:18:44","slug":"okan-buruktan-haciosmanogluna-gonderme","status":"publish","type":"post","link":"https:\/\/haberbesiktas.tr\/?p=2608","title":{"rendered":"Okan Buruk&#8217;tan Hac\u0131osmano\u011flu&#8217;na g\u00f6nderme"},"content":{"rendered":"<div>Galatasaray Teknik Y\u00f6neticisi Okan Buruk, RAMS Ba\u015fak\u015fehir ile 2-2 berabere kald\u0131klar\u0131 Ziraat T\u00fcrkiye Kupas\u0131 ma\u00e7\u0131 sonras\u0131 T\u00fcrkiye Futbol Federasyonu Ba\u015fkan\u0131 \u0130brahim Hac\u0131osmano\u011flu&#8217;na g\u00f6ndermede bulundu.<\/p>\n<p> Bir m\u00fchlet i\u00e7in al\u0131nan yabanc\u0131 VAR hakemi karar\u0131yla ilgili g\u00f6r\u00fc\u015f\u00fc sorulan Buruk, &#8220;Yabanc\u0131 VAR hakemiyle ilgili asl\u0131nda kul\u00fcb\u00fcm\u00fcz\u00fcn bir tavsiyesi vard\u0131. Ge\u00e7en sene de bu yap\u0131ld\u0131. T\u00fcrk hakemler pahal\u0131 ancak yabanc\u0131 hakemler de bedelli.&#8221; dedi.<\/p>\n<p> <strong>&#8220;S\u00d6YLEM\u0130YLE YAPTI\u011eI UYU\u015eMUYOR&#8221;<\/strong><\/p>\n<p> Okan Buruk, &#8220;Avrupa&#8217;da nas\u0131l yabanc\u0131 hakemle oynuyorsak&#8230; TFF buna karar vermi\u015fse&#8230; \u015eunu s\u00f6yleyebiliriz, TFF Liderinin daha evvelki telaffuzuyla yapt\u0131\u011f\u0131 uyu\u015fmuyor.&#8221; s\u00f6zlerini kulland\u0131.<\/p>\n<p> <strong>&#8220;GE\u00c7EN SENE YANSIYI KALDIRDI&#8221;<\/strong><\/p>\n<p> Galatasaray&#8217;\u0131n teknik i\u015fvereni, &#8220;Al\u0131nm\u0131\u015f bir karar var. Bizim a\u00e7\u0131m\u0131zdan bak\u0131nca, kim olursa olsun alanda, uzaydan da y\u00f6netseler kim olursa olsun k\u0131ymetli de\u011fil. K\u0131ymetli olan ma\u00e7\u0131n hakeminin olmas\u0131. Biz saha i\u00e7inde kendi \u00fczerimize d\u00fc\u015feni yapmal\u0131y\u0131z. Ba\u015f\u0131m\u0131zda farkl\u0131 bir \u015fey yok. T\u00fcrk futbolu i\u00e7in hangisi daha d\u00fczg\u00fcn olacaksa&#8230; Ge\u00e7en sene bu yap\u0131ld\u0131. Toplumdaki VAR hakemlerine olan yans\u0131y\u0131 kald\u0131rd\u0131. Yabanc\u0131 hakem de kusur yapabiliyor. Reaksiyonlar biraz daha azald\u0131. Tahminen tekrar t\u0131pk\u0131 halde bunu g\u00f6rece\u011fiz. T\u00fcrk futbolu i\u00e7in g\u00fczeli olsun.&#8221; kelamlar\u0131yla kar\u015f\u0131l\u0131\u011f\u0131n\u0131 noktalad\u0131.<\/p>\n<\/div>\n","protected":false},"excerpt":{"rendered":"<p>Okan Buruk, TFF&#8217;nin yabanc\u0131 VAR hakemi karar\u0131n\u0131 &#8220;TFF Liderinin daha evvelki telaffuzuyla yapt\u0131\u011f\u0131 uyu\u015fmuyor.&#8221;  kelamlar\u0131yla k\u0131ymetlendirdi.<\/p>\n","protected":false},"author":1,"featured_media":2609,"comment_status":"open","ping_status":"open","sticky":false,"template":"","format":"standard","meta":{"footnotes":""},"categories":[25],"tags":[62,89,144],"class_list":["post-2608","post","type-post","status-publish","format-standard","has-post-thumbnail","hentry","category-futbol","tag-hakem","tag-turk","tag-yabanci"],"_links":{"self":[{"href":"https:\/\/haberbesiktas.tr\/index.php?rest_route=\/wp\/v2\/posts\/2608","targetHints":{"allow":["GET"]}}],"collection":[{"href":"https:\/\/haberbesiktas.tr\/index.php?rest_route=\/wp\/v2\/posts"}],"about":[{"href":"https:\/\/haberbesiktas.tr\/index.php?rest_route=\/wp\/v2\/types\/post"}],"author":[{"embeddable":true,"href":"https:\/\/haberbesiktas.tr\/index.php?rest_route=\/wp\/v2\/users\/1"}],"replies":[{"embeddable":true,"href":"https:\/\/haberbesiktas.tr\/index.php?rest_route=%2Fwp%2Fv2%2Fcomments&post=2608"}],"version-history":[{"count":1,"href":"https:\/\/haberbesiktas.tr\/index.php?rest_route=\/wp\/v2\/posts\/2608\/revisions"}],"predecessor-version":[{"id":2610,"href":"https:\/\/haberbesiktas.tr\/index.php?rest_route=\/wp\/v2\/posts\/2608\/revisions\/2610"}],"wp:featuredmedia":[{"embeddable":true,"href":"https:\/\/haberbesiktas.tr\/index.php?rest_route=\/wp\/v2\/media\/2609"}],"wp:attachment":[{"href":"https:\/\/haberbesiktas.tr\/index.php?rest_route=%2Fwp%2Fv2%2Fmedia&parent=2608"}],"wp:term":[{"taxonomy":"category","embeddable":true,"href":"https:\/\/haberbesiktas.tr\/index.php?rest_route=%2Fwp%2Fv2%2Fcategories&post=2608"},{"taxonomy":"post_tag","embeddable":true,"href":"https:\/\/haberbesiktas.tr\/index.php?rest_route=%2Fwp%2Fv2%2Ftags&post=2608"}],"curies":[{"name":"wp","href":"https:\/\/api.w.org\/{rel}","templated":true}]}}