{"id":2614,"date":"2025-01-11T03:54:44","date_gmt":"2025-01-11T03:54:44","guid":{"rendered":"https:\/\/haberbesiktas.tr\/?p=2614"},"modified":"2025-01-11T03:54:44","modified_gmt":"2025-01-11T03:54:44","slug":"basaksehirden-penalti-ve-hakem-tepkisi","status":"publish","type":"post","link":"https:\/\/haberbesiktas.tr\/?p=2614","title":{"rendered":"Ba\u015fak\u015fehir&#8217;den penalt\u0131 ve hakem tepkisi!"},"content":{"rendered":"<div>Ba\u015fak\u015fehir, kupada Galatasaray ile oynad\u0131\u011f\u0131 ma\u00e7ta bir durumda penalt\u0131 bekledi.<\/p>\n<p> M\u00fcsabakan\u0131n 29. dakikas\u0131nda ceza alan\u0131nda Miguel Crespo ile Abd\u00fclkerim Bardakc\u0131 ortas\u0131nda ya\u015fanan durum sonras\u0131 Ba\u015fak\u015fehirli oyuncular hakem Ali \u015eansalan&#8217;a bakt\u0131 ve penalt\u0131 bekledi.<\/p>\n<p> Hakem Ali \u015eansalan, oyunun devam etmesini istedi.<\/p>\n<p> <strong>BA\u015eAK\u015eEH\u0130R&#8217;DEN PAYLA\u015eIM!<\/strong><\/p>\n<p> Ba\u015fak\u015fehir, ma\u00e7\u0131n akabinde konumla ilgili bir payla\u015f\u0131m yapt\u0131 ve hakem idaresine reaksiyon g\u00f6sterdi. Ba\u015fak\u015fehir&#8217;in payla\u015f\u0131m\u0131nda,<strong> &#8220;Bu emojiler Crespo&#8217;nun gol sevincini de\u011fil, hakemin ma\u00e7 y\u00f6netimini(!) temsil ediyor.&#8221;<\/strong> denildi.<\/p>\n<p>https:\/\/twitter.com\/sporx\/status\/1877094334039806143<\/p>\n<p><img decoding=\"async\" src=\"https:\/\/haberbesiktas.tr\/wp-content\/uploads\/2025\/01\/basaksehirden-penalti-ve-hakem-tepkisi-0-QMgsNPMT.jpg\"\/><img decoding=\"async\" src=\"https:\/\/haberbesiktas.tr\/wp-content\/uploads\/2025\/01\/basaksehirden-penalti-ve-hakem-tepkisi-1-Yi8pCXGl.jpg\"\/><br \/><img decoding=\"async\" src=\"https:\/\/haberbesiktas.tr\/wp-content\/uploads\/2025\/01\/basaksehirden-penalti-ve-hakem-tepkisi-2-GBWPvvl5.jpg\"\/><\/p>\n<\/div>\n","protected":false},"excerpt":{"rendered":"<p>Ba\u015fak\u015fehir, Galatasaray ile oynad\u0131\u011f\u0131 kupa ma\u00e7\u0131nda bir durumda penalt\u0131 bekledi. Oyun devam etti. Ba\u015fak\u015fehir, ma\u00e7 sonu durum i\u00e7in payla\u015f\u0131m yapt\u0131.<\/p>\n","protected":false},"author":1,"featured_media":2615,"comment_status":"open","ping_status":"open","sticky":false,"template":"","format":"standard","meta":{"footnotes":""},"categories":[25],"tags":[],"class_list":["post-2614","post","type-post","status-publish","format-standard","has-post-thumbnail","hentry","category-futbol"],"_links":{"self":[{"href":"https:\/\/haberbesiktas.tr\/index.php?rest_route=\/wp\/v2\/posts\/2614","targetHints":{"allow":["GET"]}}],"collection":[{"href":"https:\/\/haberbesiktas.tr\/index.php?rest_route=\/wp\/v2\/posts"}],"about":[{"href":"https:\/\/haberbesiktas.tr\/index.php?rest_route=\/wp\/v2\/types\/post"}],"author":[{"embeddable":true,"href":"https:\/\/haberbesiktas.tr\/index.php?rest_route=\/wp\/v2\/users\/1"}],"replies":[{"embeddable":true,"href":"https:\/\/haberbesiktas.tr\/index.php?rest_route=%2Fwp%2Fv2%2Fcomments&post=2614"}],"version-history":[{"count":1,"href":"https:\/\/haberbesiktas.tr\/index.php?rest_route=\/wp\/v2\/posts\/2614\/revisions"}],"predecessor-version":[{"id":2619,"href":"https:\/\/haberbesiktas.tr\/index.php?rest_route=\/wp\/v2\/posts\/2614\/revisions\/2619"}],"wp:featuredmedia":[{"embeddable":true,"href":"https:\/\/haberbesiktas.tr\/index.php?rest_route=\/wp\/v2\/media\/2615"}],"wp:attachment":[{"href":"https:\/\/haberbesiktas.tr\/index.php?rest_route=%2Fwp%2Fv2%2Fmedia&parent=2614"}],"wp:term":[{"taxonomy":"category","embeddable":true,"href":"https:\/\/haberbesiktas.tr\/index.php?rest_route=%2Fwp%2Fv2%2Fcategories&post=2614"},{"taxonomy":"post_tag","embeddable":true,"href":"https:\/\/haberbesiktas.tr\/index.php?rest_route=%2Fwp%2Fv2%2Ftags&post=2614"}],"curies":[{"name":"wp","href":"https:\/\/api.w.org\/{rel}","templated":true}]}}