{"id":26162,"date":"2025-05-03T15:12:27","date_gmt":"2025-05-03T15:12:27","guid":{"rendered":"https:\/\/haberbesiktas.tr\/?p=26162"},"modified":"2025-05-03T15:12:27","modified_gmt":"2025-05-03T15:12:27","slug":"jose-mourinho-yusuf-ile-oguz-cok-kazandiracak","status":"publish","type":"post","link":"https:\/\/haberbesiktas.tr\/?p=26162","title":{"rendered":"Jose Mourinho: &#8220;Yusuf ile O\u011fuz \u00e7ok kazand\u0131racak&#8221;"},"content":{"rendered":"<div><span>Fenerbah\u00e7e Teknik Y\u00f6neticisi Jose Mourinho&#8217;nun ocak ay\u0131nda idareyle \u00e7ok ayr\u0131nt\u0131l\u0131 bir toplant\u0131 yapt\u0131.<\/p>\n<p>Yasemin Y\u0131ld\u0131r\u0131m&#8217;\u0131n haberine g\u00f6re\u00a0Mourinho, bilhassa \u00e7ok tart\u0131\u015f\u0131lan 3&#8217;l\u00fc sistemi tahliller e\u015fli\u011finde anlat\u0131rken \u015fu bahisler \u00fczerinde durdu:<\/p>\n<p>1- \u00dc\u00e7l\u00fc\u00a0sistem bizim i\u00e7in g\u00fczel olacak. Ba\u015far\u0131y\u0131 ve g\u00fc\u00e7l\u00fc sonu\u00e7lar\u0131 getirece\u011fine eminim. Buna olumsuz bakmay\u0131n.<\/p>\n<p>2-\u00a0Gen\u00e7 oyuncular Yusuf Ak\u00e7i\u00e7ek ile O\u011fuz Ayd\u0131n&#8217;\u0131n \u00fczerine titriyorum. \u0130kisi de \u00e7ok yetenekli. Onlara daha \u00e7ok m\u00fcddet vermeye ba\u015flayaca\u011f\u0131m ve bu kul\u00fcp bir g\u00fcn bu iki oyuncudan \u00e7ok b\u00fcy\u00fck paralar kazanacak.<\/p>\n<p><img decoding=\"async\" src=\"https:\/\/haberbesiktas.tr\/wp-content\/uploads\/2025\/05\/jose-mourinho-yusuf-ile-oguz-cok-kazandiracak-0-sDxQAKk7.jpg\"\/><\/p>\n<p>3- \u0130dmanlar\u0131m\u00a0\u00f6zellikle birinci vakitlerde yerli oyunculara biraz a\u011f\u0131r geliyordu lakin art\u0131k daha uyumlular. \u0130statistiklere de bu yans\u0131maya ba\u015flad\u0131. T\u00fcrk futbolcular daha da yeterli olacak.<\/p>\n<p>4- Tak\u0131m\u00a0<span>\u00e7ok gol ka\u00e7\u0131r\u0131yor fark\u0131nday\u0131m. Bilhassa ceza alan\u0131 i\u00e7inde \u00e7ok duruma giriyoruz.\u00a0<\/span><span>Bir g\u00fcn grubum gol patlamas\u0131<\/span><span>\u00a0<\/span><span>ya\u015fayacak.<\/span><\/p>\n<p>Fenerbah\u00e7e teknik y\u00f6neticisinin,\u00a0yard\u0131mc\u0131lar\u0131yla birlikte yapt\u0131\u011f\u0131 sunum, idaresi bir olduk\u00e7a memnun ederken gelinen s\u00fcre\u00e7te mart ay\u0131 itibariyle Yusuf ve O\u011fuz&#8217;un performans\u0131n\u0131n y\u00fckselmesi, \u00fc\u00e7l\u00fc sistemle al\u0131nan sonu\u00e7lar, konum vermeyen Fenerbah\u00e7e ve Galatasaray&#8217;la puan fark\u0131n\u0131n 4&#8217;e inmesi Mourinho&#8217;ya olan itimad\u0131n daha da artmas\u0131n\u0131 sa\u011flad\u0131.\u00a0<\/span><\/div>\n","protected":false},"excerpt":{"rendered":"<p>Jose Mourinho, Yusuf Ak\u00e7i\u00e7ek ve O\u011fuz Ayd\u0131n&#8217;\u0131n \u00e7ok b\u00fcy\u00fck paralar kazand\u0131racaklar\u0131n\u0131 s\u00f6yledi. Ek olarak, ekibin \u00e7ok gol ka\u00e7\u0131rd\u0131\u011f\u0131n\u0131 lakin d\u00f6nem bitmeden bir ma\u00e7ta tarihi patlama yapacaklar\u0131n\u0131 belirtti.<\/p>\n","protected":false},"author":1,"featured_media":26163,"comment_status":"open","ping_status":"open","sticky":false,"template":"","format":"standard","meta":{"footnotes":""},"categories":[25],"tags":[],"class_list":["post-26162","post","type-post","status-publish","format-standard","has-post-thumbnail","hentry","category-futbol"],"_links":{"self":[{"href":"https:\/\/haberbesiktas.tr\/index.php?rest_route=\/wp\/v2\/posts\/26162","targetHints":{"allow":["GET"]}}],"collection":[{"href":"https:\/\/haberbesiktas.tr\/index.php?rest_route=\/wp\/v2\/posts"}],"about":[{"href":"https:\/\/haberbesiktas.tr\/index.php?rest_route=\/wp\/v2\/types\/post"}],"author":[{"embeddable":true,"href":"https:\/\/haberbesiktas.tr\/index.php?rest_route=\/wp\/v2\/users\/1"}],"replies":[{"embeddable":true,"href":"https:\/\/haberbesiktas.tr\/index.php?rest_route=%2Fwp%2Fv2%2Fcomments&post=26162"}],"version-history":[{"count":1,"href":"https:\/\/haberbesiktas.tr\/index.php?rest_route=\/wp\/v2\/posts\/26162\/revisions"}],"predecessor-version":[{"id":26165,"href":"https:\/\/haberbesiktas.tr\/index.php?rest_route=\/wp\/v2\/posts\/26162\/revisions\/26165"}],"wp:featuredmedia":[{"embeddable":true,"href":"https:\/\/haberbesiktas.tr\/index.php?rest_route=\/wp\/v2\/media\/26163"}],"wp:attachment":[{"href":"https:\/\/haberbesiktas.tr\/index.php?rest_route=%2Fwp%2Fv2%2Fmedia&parent=26162"}],"wp:term":[{"taxonomy":"category","embeddable":true,"href":"https:\/\/haberbesiktas.tr\/index.php?rest_route=%2Fwp%2Fv2%2Fcategories&post=26162"},{"taxonomy":"post_tag","embeddable":true,"href":"https:\/\/haberbesiktas.tr\/index.php?rest_route=%2Fwp%2Fv2%2Ftags&post=26162"}],"curies":[{"name":"wp","href":"https:\/\/api.w.org\/{rel}","templated":true}]}}