{"id":26166,"date":"2025-05-03T15:24:40","date_gmt":"2025-05-03T15:24:40","guid":{"rendered":"https:\/\/haberbesiktas.tr\/?p=26166"},"modified":"2025-05-03T15:24:40","modified_gmt":"2025-05-03T15:24:40","slug":"senol-gunes-taraftar-kiziyor-haklilar","status":"publish","type":"post","link":"https:\/\/haberbesiktas.tr\/?p=26166","title":{"rendered":"\u015eenol G\u00fcne\u015f: &#8220;Taraftar k\u0131z\u0131yor, hakl\u0131lar&#8221;"},"content":{"rendered":"<div>Trabzonspor Teknik Y\u00f6neticisi \u015eenol G\u00fcne\u015f, Hatayspor ma\u00e7\u0131 \u00f6ncesinde bas\u0131n toplant\u0131s\u0131 d\u00fczenlendi.<\/p>\n<p> Bordo-mavili ekiple ilgili konu\u015fan \u015eenol G\u00fcne\u015f <strong>&#8220;Trabzonspor&#8217;da A Grup d\u0131\u015f\u0131nda herkes ba\u015far\u0131l\u0131. Kupada devam ediyoruz, ligde k\u00f6t\u00fcy\u00fcz. Geldi\u011fimden bu yana bir kadro tak\u0131m\u0131 olu\u015fturmaya \u00e7al\u0131\u015ft\u0131k. Her ekibe kar\u015f\u0131 oynayabilece\u011fimiz hissi verdik, birka\u00e7 ma\u00e7 mak\u00fbs oynad\u0131k. Kendi alan\u0131m\u0131zda uygun oynuyoruz fakat d\u0131\u015far\u0131da \u00e7abucak hemen daima kaybettik. Bizim \u00fczere kadroya yak\u0131\u015fmayan bir durum. \u015eampiyonluk i\u00e7in oynamasak bile Avrupa kupalar\u0131 gayesi olan Trabzonspor, 3 ile 5 ortas\u0131nda olabilece\u011fini d\u00fc\u015f\u00fcn\u00fcrken, daha da gerideyiz. E\u015fik ma\u00e7lar\u0131n\u0131 hi\u00e7 ge\u00e7emedik. Konyaspor ma\u00e7\u0131nda da bunu ya\u015fad\u0131k.&#8221;<\/strong> tabirlerini kulland\u0131.<\/p>\n<p> Taraftarlar\u0131n reaksiyon \u00fczerine a\u00e7\u0131klamaya yapan G\u00fcne\u015f <strong>&#8220;Taraftar k\u0131z\u0131yor, reaksiyonlar\u0131n\u0131 ortaya koyuyor, hakl\u0131lar. Moralsiz oldu\u011funuz vakit dert ya\u015fayabilirsiniz. Bu d\u00f6neme yap\u0131lanma y\u0131l\u0131 dedik lakin, Avrupa kupalar\u0131 maksad\u0131m\u0131z var. Onun \u00fczerinde \u0131srar ediyorum. Oyunumuzla bunu kabul ettiriyoruz lakin deplasmanda k\u00fclfet ya\u015fad\u0131k. Almam\u0131z gereken puan\u0131n alt\u0131nda ald\u0131k. Dertler var lakin bunu a\u015facak g\u00fcc\u00fcm\u00fcz var. Dik durup, berbat g\u00fcnleri a\u015faca\u011f\u0131z. Yetkili de sorumlu da benim, tenkitlere h\u00fcrmet duyuyorum. D\u00fczeltmek benim i\u015fim.&#8221;<\/strong> dedi.<\/p>\n<p> Hatayspor ma\u00e7\u0131yla ilgili bildiri veren tecr\u00fcbeli teknik adam <strong>&#8220;Trabzonspor bizim g\u00f6z\u00fcm\u00fczd\u00fcr, ona yeterli bakaca\u011f\u0131z. Hatayspor ma\u00e7\u0131 var, kazanmak i\u00e7in oynayaca\u011f\u0131z. Oynama talihi verirseniz, herkes oynar. Hatayspor&#8217;un durumuna bakmadan, kazanmak i\u00e7in \u00e7aba edece\u011fiz.&#8221;<\/strong> a\u00e7\u0131klamas\u0131n\u0131 yapt\u0131.<\/p>\n<p> Trabzonspor&#8217;un uzun m\u00fcddetli bir plan yapmas\u0131n\u0131 s\u00f6yleyen \u015eenol G\u00fcne\u015f<strong> &#8220;Trabzonspor 2025 ile 2035&#8217;i planlamal\u0131. Altyap\u0131 sonu\u00e7 ald\u0131, yar\u0131n alamayabilir. Yar\u0131\u015fan bir hale gelmeli ve ba\u015far\u0131l\u0131 hale gelmeliyiz. Bunun i\u00e7in yat\u0131r\u0131m gerekli. Hem lokal, hem de k\u00fcresel Trabzonspor i\u00e7in planlar\u0131m\u0131z\u0131 yapmal\u0131y\u0131z. Altyap\u0131 olmadan, A Grup olmaz. Lakin transfer de k\u0131ymetlidir. Hem yar\u0131\u015faca\u011f\u0131z, hem kar edece\u011fiz.&#8221;<\/strong> dedi.<\/p>\n<\/div>\n","protected":false},"excerpt":{"rendered":"<p>Trabzonspor Teknik Y\u00f6neticisi \u015eenol G\u00fcne\u015f, bas\u0131n toplant\u0131s\u0131nda a\u00e7\u0131klamalarda bulundu.<\/p>\n","protected":false},"author":1,"featured_media":26167,"comment_status":"open","ping_status":"open","sticky":false,"template":"","format":"standard","meta":{"footnotes":""},"categories":[25],"tags":[50,52,98],"class_list":["post-26166","post","type-post","status-publish","format-standard","has-post-thumbnail","hentry","category-futbol","tag-mac","tag-takim","tag-trabzonspor"],"_links":{"self":[{"href":"https:\/\/haberbesiktas.tr\/index.php?rest_route=\/wp\/v2\/posts\/26166","targetHints":{"allow":["GET"]}}],"collection":[{"href":"https:\/\/haberbesiktas.tr\/index.php?rest_route=\/wp\/v2\/posts"}],"about":[{"href":"https:\/\/haberbesiktas.tr\/index.php?rest_route=\/wp\/v2\/types\/post"}],"author":[{"embeddable":true,"href":"https:\/\/haberbesiktas.tr\/index.php?rest_route=\/wp\/v2\/users\/1"}],"replies":[{"embeddable":true,"href":"https:\/\/haberbesiktas.tr\/index.php?rest_route=%2Fwp%2Fv2%2Fcomments&post=26166"}],"version-history":[{"count":1,"href":"https:\/\/haberbesiktas.tr\/index.php?rest_route=\/wp\/v2\/posts\/26166\/revisions"}],"predecessor-version":[{"id":26168,"href":"https:\/\/haberbesiktas.tr\/index.php?rest_route=\/wp\/v2\/posts\/26166\/revisions\/26168"}],"wp:featuredmedia":[{"embeddable":true,"href":"https:\/\/haberbesiktas.tr\/index.php?rest_route=\/wp\/v2\/media\/26167"}],"wp:attachment":[{"href":"https:\/\/haberbesiktas.tr\/index.php?rest_route=%2Fwp%2Fv2%2Fmedia&parent=26166"}],"wp:term":[{"taxonomy":"category","embeddable":true,"href":"https:\/\/haberbesiktas.tr\/index.php?rest_route=%2Fwp%2Fv2%2Fcategories&post=26166"},{"taxonomy":"post_tag","embeddable":true,"href":"https:\/\/haberbesiktas.tr\/index.php?rest_route=%2Fwp%2Fv2%2Ftags&post=26166"}],"curies":[{"name":"wp","href":"https:\/\/api.w.org\/{rel}","templated":true}]}}