{"id":26169,"date":"2025-05-03T15:36:13","date_gmt":"2025-05-03T15:36:13","guid":{"rendered":"https:\/\/haberbesiktas.tr\/?p=26169"},"modified":"2025-05-03T15:36:13","modified_gmt":"2025-05-03T15:36:13","slug":"yuzmeye-65-yasinda-baslayip-madalya-kazandi","status":"publish","type":"post","link":"https:\/\/haberbesiktas.tr\/?p=26169","title":{"rendered":"Y\u00fczmeye 65 ya\u015f\u0131nda ba\u015flay\u0131p madalya kazand\u0131!"},"content":{"rendered":"<p>Edirne&#8217;de ya\u015fayan 68 ya\u015f\u0131ndaki mesken han\u0131m\u0131 Makbule Yelgin, y\u00fczme sporuna ilgisi ve ba\u015far\u0131s\u0131yla gen\u00e7lere \u00f6rnek oluyor.<\/p>\n<p> Uzun y\u0131llar su korkusu ya\u015fayan Yelgin, 65 ya\u015f\u0131nda y\u00fczme \u00f6\u011frenmeye karar verdi.<\/p>\n<p> Gen\u00e7lik ve Spor Bakanl\u0131\u011f\u0131n\u0131n &#8220;7&#8217;den 70&#8217;e Y\u00fczme Bilmeyen Kalmas\u0131n Projesi&#8221; kapsam\u0131nda kurslara kat\u0131lan Yelgin, Olimpik Y\u00fczme Havuzu&#8217;nda torunlar\u0131n\u0131n antren\u00f6r\u00fc Yasemin \u015eahin ile \u00e7al\u0131\u015fmalara ba\u015flad\u0131.<\/p>\n<p> Merak\u0131 ve azmi sayesinde y\u00fczme \u00f6\u011frenen Yelgin, antren\u00f6r\u00fcn\u00fcn de takviyesiyle T\u00fcrkiye Y\u00fczme Federasyonu taraf\u0131ndan 7-9 \u015eubat&#8217;ta d\u00fczenlenen Milletleraras\u0131 Masterler Uzun Kulvar Y\u00fczme \u015eampiyonas\u0131&#8217;na kat\u0131larak 65-70 ya\u015f 50 metre s\u0131rt\u00fcst\u00fc kategorisinde 3. oldu.<\/p>\n<p> Haftan\u0131n \u00fc\u00e7 g\u00fcn\u00fc idmanlar\u0131na devam eden Yelgin, maksatlar\u0131 ve disipliniyle takdir topluyor.<\/p>\n<p><strong>&#8220;Denize dizime kadar girip \u00e7\u0131k\u0131yordum&#8221;<\/strong><\/p>\n<p> Makbule Yelgin, AA muhabirine, 2 \u00e7ocuk ve 2 torun sahibi oldu\u011funu s\u00f6yledi.<\/p>\n<p> Torununu 12 y\u0131l evvel y\u00fczme kursuna g\u00f6t\u00fcrd\u00fc\u011f\u00fcnde antren\u00f6r\u00fcn kendisini de davet etti\u011fini lakin buna c\u00fcret edemedi\u011fini anlatan Yelgin, <strong>&#8220;Y\u0131llar sonra y\u00fczme \u00f6\u011frenmeye karar verdim. Edirne Bayan Merkezi Dayan\u0131\u015fma Derne\u011findeki 30 arkada\u015f\u0131mla y\u00fczme kursuna kat\u0131ld\u0131m fakat yaln\u0131zca ben idmanlara devam ettim. 65 ya\u015f\u0131ndayken y\u00fczmeyi \u00f6\u011frendim ve 68 ya\u015f\u0131nda milletleraras\u0131 yar\u0131\u015fta madalya kazand\u0131m. Bu ya\u015ftan sonra bunlar\u0131 yapabilece\u011fimi hi\u00e7 varsay\u0131m etmiyordum, \u00e7ok memnunum.&#8221;<\/strong> diye konu\u015ftu.<\/p>\n<p> \u00c7ocuklar\u0131, torunlar\u0131 ve etraf\u0131n\u0131n kendisini takdir etti\u011fini belirten Yelgin,<strong> &#8220;\u00c7ocuklar\u0131m\u0131, torunlar\u0131m\u0131 y\u00fczmeye getirdim, daima onlarla ilgilendim. Y\u0131llar sonra kendime vakit ay\u0131rabildim. 65 ya\u015f\u0131nda bana k\u0131smet oldu. Hepsi benimle gurur duyuyor.&#8221;<\/strong> s\u00f6zlerini kulland\u0131.<\/p>\n<p> \u00d6\u011frenmenin ya\u015f\u0131n\u0131n olmad\u0131\u011f\u0131n\u0131 aktaran Yelgin, a\u00e7\u0131k \u00f6\u011fretim lisesinde de e\u011fitim g\u00f6rd\u00fc\u011f\u00fcn\u00fc lisana getirdi.<\/p>\n<p> <strong>Hedefi yeni madalyalar kazanmak<\/strong><\/p>\n<p> Y\u0131llarca su korkusu nedeniyle y\u00fczemedi\u011fini anlatan Yelgin, <strong>&#8220;Denize dizime kadar girip \u00e7\u0131k\u0131yordum fakat art\u0131k y\u00fczebiliyorum, \u00e7ok memnunum. Buna katk\u0131 sa\u011flayanlara te\u015fekk\u00fcr ediyorum.&#8221;<\/strong> dedi.<\/p>\n<p> Y\u00fczmenin bel f\u0131t\u0131\u011f\u0131na da g\u00fczel geldi\u011fini, s\u0131hhatine kavu\u015ftu\u011funu belirten Yelgin, maksad\u0131n\u0131n ulusal ve memleketler aras\u0131 y\u00fczme m\u00fcsabakalar\u0131nda yeni madalyalar kazanmak oldu\u011funu kelamlar\u0131na ekledi.<\/p>\n<p> <strong>&#8220;Eme\u011fin ve u\u011fra\u015f\u0131n kar\u015f\u0131l\u0131\u011f\u0131n\u0131 ald\u0131&#8221;<\/strong><\/p>\n<p> Y\u00fczme antren\u00f6r\u00fc Yasemin \u015eahin ise Makbule Yelgin ile 2012&#8217;de torununu y\u00fczme kursuna getirdi\u011finde tan\u0131\u015ft\u0131\u011f\u0131n\u0131 anlatt\u0131.<\/p>\n<p> Torunu y\u00fczme \u00f6\u011frenirken Yelgin&#8217;in de \u00f6\u011frenmek istedi\u011fini lisana getiren \u015eahin, <strong>&#8220;\u00d6\u011frenme iste\u011fi, \u0131\u015f\u0131\u011f\u0131 vard\u0131 fakat al\u0131\u015f\u0131lm\u0131\u015f torunlar\u0131yla ilgilendi\u011fi i\u00e7in buna \u00e7ok f\u0131rsat bulamad\u0131. Y\u0131llar sonra 65 ya\u015f\u0131ndayken Makbule Han\u0131m y\u00fczmek istedi\u011fini s\u00f6yledi, m\u00fcracaatta bulundu. 7&#8217;den 70&#8217;e Y\u00fczme Bilmeyen Kalmas\u0131n Projesi ile \u00e7al\u0131\u015fmalara ba\u015flad\u0131k. \u00dc\u00e7 y\u0131ld\u0131r y\u00fcz\u00fcyor ve bunun sonunda da memleketler aras\u0131 yar\u0131\u015fa kat\u0131larak madalya kazand\u0131. Kendisi verdi\u011fi eme\u011fin ve gayretin kar\u015f\u0131l\u0131\u011f\u0131n\u0131 ald\u0131.&#8221;<\/strong> diye konu\u015ftu.<\/p>\n<p> Yelgin&#8217;in herkese \u00f6rnek oldu\u011funu belirten \u015eahin, her ya\u015ftan insan\u0131n y\u00fczme \u00f6\u011frenebilece\u011fini kaydetti.<\/p>\n","protected":false},"excerpt":{"rendered":"<p>Y\u00fczmede memleketler aras\u0131 muvaffakiyet kazanan konut han\u0131m\u0131 azmiyle \u00f6rnek oluyor.<\/p>\n","protected":false},"author":1,"featured_media":26170,"comment_status":"open","ping_status":"open","sticky":false,"template":"","format":"standard","meta":{"footnotes":""},"categories":[27],"tags":[2321,475,2322,587,199],"class_list":["post-26169","post","type-post","status-publish","format-standard","has-post-thumbnail","hentry","category-guncel-haberler","tag-torun","tag-yas","tag-yasinda","tag-yillar","tag-yuzme"],"_links":{"self":[{"href":"https:\/\/haberbesiktas.tr\/index.php?rest_route=\/wp\/v2\/posts\/26169","targetHints":{"allow":["GET"]}}],"collection":[{"href":"https:\/\/haberbesiktas.tr\/index.php?rest_route=\/wp\/v2\/posts"}],"about":[{"href":"https:\/\/haberbesiktas.tr\/index.php?rest_route=\/wp\/v2\/types\/post"}],"author":[{"embeddable":true,"href":"https:\/\/haberbesiktas.tr\/index.php?rest_route=\/wp\/v2\/users\/1"}],"replies":[{"embeddable":true,"href":"https:\/\/haberbesiktas.tr\/index.php?rest_route=%2Fwp%2Fv2%2Fcomments&post=26169"}],"version-history":[{"count":1,"href":"https:\/\/haberbesiktas.tr\/index.php?rest_route=\/wp\/v2\/posts\/26169\/revisions"}],"predecessor-version":[{"id":26171,"href":"https:\/\/haberbesiktas.tr\/index.php?rest_route=\/wp\/v2\/posts\/26169\/revisions\/26171"}],"wp:featuredmedia":[{"embeddable":true,"href":"https:\/\/haberbesiktas.tr\/index.php?rest_route=\/wp\/v2\/media\/26170"}],"wp:attachment":[{"href":"https:\/\/haberbesiktas.tr\/index.php?rest_route=%2Fwp%2Fv2%2Fmedia&parent=26169"}],"wp:term":[{"taxonomy":"category","embeddable":true,"href":"https:\/\/haberbesiktas.tr\/index.php?rest_route=%2Fwp%2Fv2%2Fcategories&post=26169"},{"taxonomy":"post_tag","embeddable":true,"href":"https:\/\/haberbesiktas.tr\/index.php?rest_route=%2Fwp%2Fv2%2Ftags&post=26169"}],"curies":[{"name":"wp","href":"https:\/\/api.w.org\/{rel}","templated":true}]}}