{"id":2623,"date":"2025-01-11T04:18:44","date_gmt":"2025-01-11T04:18:44","guid":{"rendered":"https:\/\/haberbesiktas.tr\/?p=2623"},"modified":"2025-01-11T04:18:44","modified_gmt":"2025-01-11T04:18:44","slug":"pavel-nedved-fatih-terim-ile-birlikte-calisacak","status":"publish","type":"post","link":"https:\/\/haberbesiktas.tr\/?p=2623","title":{"rendered":"Pavel Nedved, Fatih Terim ile birlikte \u00e7al\u0131\u015facak"},"content":{"rendered":"<div>Al Shabab, teknik y\u00f6netici Fatih Terim&#8217;i vazifeye getirdikten sonra bir di\u011fer futbol efsanesiyle daha anla\u015ft\u0131.\u00a0<\/p>\n<p>Suudi Arabistan Pro Lig grubu, sportif y\u00f6neticilik misyonu i\u00e7in Pavel Nedved ile kontrat imzalad\u0131.<\/p>\n<p><img decoding=\"async\" src=\"https:\/\/haberbesiktas.tr\/wp-content\/uploads\/2025\/01\/pavel-nedved-fatih-terim-ile-birlikte-calisacak-0-9qLcRaTK.jpg\"\/><\/p>\n<p><strong>Y\u00d6NET\u0130C\u0130 OLARAK NEDVED\u00a0<\/strong><\/p>\n<p>Futbolculuk mesle\u011fini sonland\u0131rd\u0131ktan sonra Pavel Nedved, efsanesi oldu\u011fu Juventus&#8217;ta idari durumlarda misyon ald\u0131. <\/p>\n<p>2010-2015 y\u0131llar\u0131 aras\u0131nda kul\u00fcb\u00fcn y\u00f6netim kurulu \u00fcyesi olarak hizmet veren Nedved, 2015-2022 y\u0131llar\u0131 ortas\u0131nda ise asba\u015fkanl\u0131k misyonunu \u00fcstlendi.<\/p>\n<p><strong>&#8220;NEDVED \u00d6B\u00dcR B\u0130R MANA TA\u015eIYOR&#8221;<\/strong><\/p>\n<p>Fatih Terim, Al Shabab ile muahedesinin akabinde Suudi Arabistan&#8217;a gitmeden evvel yapt\u0131\u011f\u0131 a\u00e7\u0131klamalarda Pavel Nedved&#8217;e de de\u011findi. Terim,\u00a0<span><strong>&#8220;Pavel benim i\u00e7in \u00e7ok daha \u00f6b\u00fcr mana ta\u015f\u0131yor. Ben Fiorentina&#8217;dayken o Juventus&#8217;tayd\u0131. Hafif g\u00f6r\u00fc\u015fmemizde de bahsettik o g\u00fcnlerden. Juventus&#8217;ta y\u0131llarca sportif y\u00f6netici olarak da emekleri oldu. \u015eu anda Al Shabab&#8217;da onunla bir arada olaca\u011f\u0131m i\u00e7in de memnunum. Hem k\u0131ymetli bir oyuncu hem de de\u011ferli bir sembol. Zira kul\u00fcpler sembolleriyle b\u00fcy\u00fcrler. Hasebiyle yanl\u0131\u015fs\u0131z bir se\u00e7im diye d\u00fc\u015f\u00fcn\u00fcyorum&#8221;<\/strong> s\u00f6zlerini kullanm\u0131\u015ft\u0131.<\/span><\/div>\n","protected":false},"excerpt":{"rendered":"<p>Fatih Terim&#8217;in kul\u00fcb\u00fc Al-Shabab, Pavel Nedved&#8217;i sportif y\u00f6netici olarak g\u00f6revlendirdi\u011fini a\u00e7\u0131klad\u0131.<\/p>\n","protected":false},"author":1,"featured_media":2624,"comment_status":"open","ping_status":"open","sticky":false,"template":"","format":"standard","meta":{"footnotes":""},"categories":[25],"tags":[308],"class_list":["post-2623","post","type-post","status-publish","format-standard","has-post-thumbnail","hentry","category-futbol","tag-nedved"],"_links":{"self":[{"href":"https:\/\/haberbesiktas.tr\/index.php?rest_route=\/wp\/v2\/posts\/2623","targetHints":{"allow":["GET"]}}],"collection":[{"href":"https:\/\/haberbesiktas.tr\/index.php?rest_route=\/wp\/v2\/posts"}],"about":[{"href":"https:\/\/haberbesiktas.tr\/index.php?rest_route=\/wp\/v2\/types\/post"}],"author":[{"embeddable":true,"href":"https:\/\/haberbesiktas.tr\/index.php?rest_route=\/wp\/v2\/users\/1"}],"replies":[{"embeddable":true,"href":"https:\/\/haberbesiktas.tr\/index.php?rest_route=%2Fwp%2Fv2%2Fcomments&post=2623"}],"version-history":[{"count":1,"href":"https:\/\/haberbesiktas.tr\/index.php?rest_route=\/wp\/v2\/posts\/2623\/revisions"}],"predecessor-version":[{"id":2626,"href":"https:\/\/haberbesiktas.tr\/index.php?rest_route=\/wp\/v2\/posts\/2623\/revisions\/2626"}],"wp:featuredmedia":[{"embeddable":true,"href":"https:\/\/haberbesiktas.tr\/index.php?rest_route=\/wp\/v2\/media\/2624"}],"wp:attachment":[{"href":"https:\/\/haberbesiktas.tr\/index.php?rest_route=%2Fwp%2Fv2%2Fmedia&parent=2623"}],"wp:term":[{"taxonomy":"category","embeddable":true,"href":"https:\/\/haberbesiktas.tr\/index.php?rest_route=%2Fwp%2Fv2%2Fcategories&post=2623"},{"taxonomy":"post_tag","embeddable":true,"href":"https:\/\/haberbesiktas.tr\/index.php?rest_route=%2Fwp%2Fv2%2Ftags&post=2623"}],"curies":[{"name":"wp","href":"https:\/\/api.w.org\/{rel}","templated":true}]}}