{"id":26234,"date":"2025-05-03T20:12:16","date_gmt":"2025-05-03T20:12:16","guid":{"rendered":"https:\/\/haberbesiktas.tr\/?p=26234"},"modified":"2025-05-03T20:12:16","modified_gmt":"2025-05-03T20:12:16","slug":"spor-hayatinda-takim-kaptani-sivil-hayatinda-ise-memur","status":"publish","type":"post","link":"https:\/\/haberbesiktas.tr\/?p=26234","title":{"rendered":"Spor hayat\u0131nda tak\u0131m kaptan\u0131, sivil hayat\u0131nda ise memur!"},"content":{"rendered":"<div>T\u00fcrkiye Futbol Federasyonu Bayanlar 1. Ligi&#8217;nde \u00e7aba eden Y\u00fcksekovaspor&#8217;un kaptan\u0131 30 ya\u015f\u0131ndaki Rahime Atabay, hem \u00fcst ligi hedefleyen kadrosunun ba\u015far\u0131s\u0131 hem de il\u00e7edeki \u00e7ocuk ve gen\u00e7lerin sporla bulu\u015fmas\u0131 i\u00e7in efor sarf ediyor.<\/p>\n<p> Daha evvel Turkcell Bayan Futbol S\u00fcper Ligi gruplar\u0131ndan Hakkarig\u00fcc\u00fcspor&#8217;un tak\u0131m\u0131nda yer alan, t\u0131pk\u0131 vakitte kentteki bir okulda v\u00fccut e\u011fitimi \u00f6\u011fretmenli\u011fi yapan Rahime Atabay, 2 y\u0131l evvel Y\u00fcksekovaspor&#8217;a transfer oldu.<\/p>\n<p> Bu nedenle s\u00fcreksiz olarak \u0130l\u00e7e Ulusal E\u011fitim M\u00fcd\u00fcrl\u00fc\u011f\u00fcne g\u00f6revlendirilen Atabay, futbolculuk ve memurluk misyonunu birlikte y\u00fcr\u00fct\u00fcyor.<\/p>\n<p> G\u00f6sterdi\u011fi performansla ekibin kaptanl\u0131\u011f\u0131n\u0131 \u00fcstlenen orta saha oyuncusu Atabay, Bayanlar 1. Ligi&#8217;ni nama\u011flup tamamlayan, play-off kar\u015f\u0131la\u015fmalar\u0131nda da unvan\u0131n\u0131 koruyan Y\u00fcksekovaspor&#8217;a bu ma\u00e7larda 2 gol, 7 asistle katk\u0131 sundu.<\/p>\n<p> Misyon yapt\u0131\u011f\u0131 m\u00fcd\u00fcrl\u00fckte de \u00e7ocuklar\u0131n ve gen\u00e7lerin spora kazand\u0131r\u0131lmas\u0131na y\u00f6nelik \u00e7al\u0131\u015fmalarda yer alan Atabay, kalan 3 ma\u00e7\u0131 da kazanarak ekibinin \u00dcst\u00fcn Lig&#8217;e y\u00fckselmesinde hisse sahibi olmak istiyor.<\/p>\n<p><strong>&#8220;Spor insan\u0131 ak\u0131l ve v\u00fccut olarak din\u00e7 tutuyor&#8221;<\/strong><\/p>\n<p> Rahime Atabay, AA muhabirine, Hakkari&#8217;de futbol oynaman\u0131n co\u011frafyas\u0131 nedeniyle \u00f6teki b\u00f6lgelere oranla daha g\u00fc\u00e7 oldu\u011funu s\u00f6yledi.<\/p>\n<p> T\u00fcm zorluklar\u0131 a\u015farak ba\u015far\u0131l\u0131 olmaya \u00e7al\u0131\u015ft\u0131klar\u0131n\u0131 belirten Atabay, <strong>&#8220;\u00d6\u011frencilere dayanak olup onlar\u0131n geli\u015fmesini sa\u011fl\u0131yorum, birebir vakitte kendim de sportif aktivitelerimi devam ettiriyorum. Zorluklar olsa da u\u011fra\u015f edip en \u00e2l\u00e2 yerlere gelmeye \u00e7al\u0131\u015f\u0131yoruz.&#8221;<\/strong> dedi.<\/p>\n<p> \u00d6\u011fretmenli\u011fe 4 y\u0131l evvel atand\u0131\u011f\u0131n\u0131, y\u0131llard\u0131r futbolla ilgilendi\u011fini anlatan Atabay, \u015f\u00f6yle konu\u015ftu:<\/p>\n<p> <strong>&#8220;Beni takip eden \u00f6\u011frencilerim de sportif aktivitelere kat\u0131lmaya itina g\u00f6steriyor. Onlar da bu durumdan memnunlar ve t\u0131pk\u0131 \u015feyi yapmak istiyorlar. Y\u0131llard\u0131r bu sporun i\u00e7inde bulunuyorum. \u00d6\u011fretmenlikte 4. y\u0131l\u0131m. Spor insan\u0131 ak\u0131l ve v\u00fccut olarak din\u00e7 tutuyor. Ola\u011fanda Hakkari merkezde T\u00fcrk Telekom Toplumsal Bilimler Lisesinde vazife yap\u0131yordum. K\u0131\u015f kurallar\u0131nda gidip gelmem s\u0131k\u0131nt\u0131 oldu\u011fu i\u00e7in s\u00fcreksiz olarak Y\u00fcksekova Ulusal E\u011fitim M\u00fcd\u00fcrl\u00fc\u011f\u00fcne g\u00f6revlendirildim. Sportif aktivitelere y\u00f6nelik etkinliklerde bulunuyorum.&#8221;<\/strong><\/p>\n<p> Ge\u00e7en y\u0131l Bayanlar 2. Ligi&#8217;ni \u015fampiyon olarak tamamlay\u0131p 1. Lig&#8217;e y\u00fckseldiklerini an\u0131msatan Atabay,<strong> &#8220;Hedefimiz bu sene de \u015fampiyonluk. O kupay\u0131 Y\u00fcksekova halk\u0131na getirmek istiyoruz. Y\u00fcksekova&#8217;n\u0131n S\u00fcper Lig&#8217;de olmas\u0131 ho\u015f bir \u015fey. Buradaki insanlar\u0131n bu duyguyu ya\u015famas\u0131, ma\u00e7 zevkini tatmas\u0131, vaktini buraya ay\u0131rmas\u0131 \u00e7ok ho\u015f olacak. \u00dcst\u00fcn Lig&#8217;e \u00e7\u0131k\u0131p daha uygun \u015feyler yapmaya ihtimam g\u00f6sterece\u011fiz.&#8221;<\/strong> s\u00f6zlerini kulland\u0131.<\/p>\n<p><strong>&#8220;E\u011fitimci taraf\u0131n\u0131 alanda g\u00f6rebiliyoruz&#8221;<\/strong><\/p>\n<p> Y\u00fcksekovaspor Yard\u0131mc\u0131 Antren\u00f6r\u00fc K\u00fcbra \u015een ise Rahime Atabay&#8217;\u0131n 2 d\u00f6nemdir ekibin formas\u0131n\u0131 terleten ba\u015far\u0131l\u0131 atletlerden biri oldu\u011funu belirtti.<\/p>\n<p> Atabay&#8217;\u0131n ekibe \u00e7ok \u015fey katt\u0131\u011f\u0131n\u0131 lisana getiren \u015een,<strong> &#8220;Tak\u0131m\u0131n kaptanl\u0131\u011f\u0131n\u0131 yap\u0131yor. Hem saha i\u00e7inde hem de saha d\u0131\u015f\u0131nda teknik grupla ve futbolcularla uyumlu \u00e7al\u0131\u015f\u0131yor. Atletler ile ortam\u0131zda k\u00f6pr\u00fc pozisyonunda. Orta alan\u0131m\u0131z\u0131n da vazge\u00e7ilmez oyuncusu. Kendisi bir e\u011fitimci. E\u011fitimci istikametini alanda g\u00f6rebiliyoruz. Kadroya katk\u0131lar\u0131ndan \u00f6t\u00fcr\u00fc te\u015fekk\u00fcr ediyoruz.&#8221;<\/strong> diye konu\u015ftu.<\/p>\n<\/div>\n","protected":false},"excerpt":{"rendered":"<p>Rahime Atabay, Bayan futbol ekibinde kaptanl\u0131k, Ulusal E\u011fitim M\u00fcd\u00fcrl\u00fc\u011f\u00fcnde memurluk yap\u0131yor.<\/p>\n","protected":false},"author":1,"featured_media":26235,"comment_status":"open","ping_status":"open","sticky":false,"template":"","format":"standard","meta":{"footnotes":""},"categories":[25],"tags":[2329,1698,297,65,1855],"class_list":["post-26234","post","type-post","status-publish","format-standard","has-post-thumbnail","hentry","category-futbol","tag-atabay","tag-egitim","tag-saha","tag-spor","tag-yuksekova"],"_links":{"self":[{"href":"https:\/\/haberbesiktas.tr\/index.php?rest_route=\/wp\/v2\/posts\/26234","targetHints":{"allow":["GET"]}}],"collection":[{"href":"https:\/\/haberbesiktas.tr\/index.php?rest_route=\/wp\/v2\/posts"}],"about":[{"href":"https:\/\/haberbesiktas.tr\/index.php?rest_route=\/wp\/v2\/types\/post"}],"author":[{"embeddable":true,"href":"https:\/\/haberbesiktas.tr\/index.php?rest_route=\/wp\/v2\/users\/1"}],"replies":[{"embeddable":true,"href":"https:\/\/haberbesiktas.tr\/index.php?rest_route=%2Fwp%2Fv2%2Fcomments&post=26234"}],"version-history":[{"count":1,"href":"https:\/\/haberbesiktas.tr\/index.php?rest_route=\/wp\/v2\/posts\/26234\/revisions"}],"predecessor-version":[{"id":26236,"href":"https:\/\/haberbesiktas.tr\/index.php?rest_route=\/wp\/v2\/posts\/26234\/revisions\/26236"}],"wp:featuredmedia":[{"embeddable":true,"href":"https:\/\/haberbesiktas.tr\/index.php?rest_route=\/wp\/v2\/media\/26235"}],"wp:attachment":[{"href":"https:\/\/haberbesiktas.tr\/index.php?rest_route=%2Fwp%2Fv2%2Fmedia&parent=26234"}],"wp:term":[{"taxonomy":"category","embeddable":true,"href":"https:\/\/haberbesiktas.tr\/index.php?rest_route=%2Fwp%2Fv2%2Fcategories&post=26234"},{"taxonomy":"post_tag","embeddable":true,"href":"https:\/\/haberbesiktas.tr\/index.php?rest_route=%2Fwp%2Fv2%2Ftags&post=26234"}],"curies":[{"name":"wp","href":"https:\/\/api.w.org\/{rel}","templated":true}]}}