{"id":2627,"date":"2025-01-11T04:30:46","date_gmt":"2025-01-11T04:30:46","guid":{"rendered":"https:\/\/haberbesiktas.tr\/?p=2627"},"modified":"2025-01-11T04:30:46","modified_gmt":"2025-01-11T04:30:46","slug":"benfica-final-biletini-rahat-aldi","status":"publish","type":"post","link":"https:\/\/haberbesiktas.tr\/?p=2627","title":{"rendered":"Benfica, final biletini rahat ald\u0131!"},"content":{"rendered":"<div>Portekiz Lig Kupas\u0131 yar\u0131 final m\u00fcsabakas\u0131nda Benfica ile Braga kar\u015f\u0131 kar\u015f\u0131ya geldi. Estadio Dr. Magalhaes Pessoa Stadyumu&#8217;nda oynanan ma\u00e7\u0131 Benfica 3-0&#8217;l\u0131k skorla kazand\u0131.<\/p>\n<p> Benfica&#8217;ya galibiyeti getiren golleri 27 ve 37. dakikalarda Angel Di Maria ile 28. dakikada Alvaro Fernandez att\u0131.<\/p>\n<p> Braga&#8217;da Oliveira Noro 78. dakikada k\u0131rm\u0131z\u0131 kart g\u00f6rmesinin akabinde grubunu 10 ki\u015fi b\u0131rakt\u0131.<\/p>\n<p> Benfica&#8217;da m\u00fcsabakaya 11&#8217;de ba\u015flayan Orkun K\u00f6k\u00e7\u00fc, 65 dakika alanda kald\u0131. U\u011fra\u015fa yedek kul\u00fcbesinde ba\u015flayan Kerem Akt\u00fcrko\u011flu ise 65. dakikada oyundan \u00e7\u0131kt\u0131.<\/p>\n<p> Benfica, Braga kar\u015f\u0131s\u0131ndaki 3-0&#8217;l\u0131k galibiyetin ard\u0131ndan Lig Kupas\u0131&#8217;nda finale y\u00fckseldi. Benfica, finalde Sporting ile kupa \u00e7abas\u0131 verecek.<\/p>\n<\/div>\n","protected":false},"excerpt":{"rendered":"<p>Portekiz Lig Kupas\u0131 yar\u0131 final ma\u00e7\u0131nda Benfica, Braga&#8217;y\u0131 3-0 ma\u011flup etti ve finale y\u00fckseldi.<\/p>\n","protected":false},"author":1,"featured_media":2628,"comment_status":"open","ping_status":"open","sticky":false,"template":"","format":"standard","meta":{"footnotes":""},"categories":[25],"tags":[309,109],"class_list":["post-2627","post","type-post","status-publish","format-standard","has-post-thumbnail","hentry","category-futbol","tag-benfica","tag-dakika"],"_links":{"self":[{"href":"https:\/\/haberbesiktas.tr\/index.php?rest_route=\/wp\/v2\/posts\/2627","targetHints":{"allow":["GET"]}}],"collection":[{"href":"https:\/\/haberbesiktas.tr\/index.php?rest_route=\/wp\/v2\/posts"}],"about":[{"href":"https:\/\/haberbesiktas.tr\/index.php?rest_route=\/wp\/v2\/types\/post"}],"author":[{"embeddable":true,"href":"https:\/\/haberbesiktas.tr\/index.php?rest_route=\/wp\/v2\/users\/1"}],"replies":[{"embeddable":true,"href":"https:\/\/haberbesiktas.tr\/index.php?rest_route=%2Fwp%2Fv2%2Fcomments&post=2627"}],"version-history":[{"count":1,"href":"https:\/\/haberbesiktas.tr\/index.php?rest_route=\/wp\/v2\/posts\/2627\/revisions"}],"predecessor-version":[{"id":2629,"href":"https:\/\/haberbesiktas.tr\/index.php?rest_route=\/wp\/v2\/posts\/2627\/revisions\/2629"}],"wp:featuredmedia":[{"embeddable":true,"href":"https:\/\/haberbesiktas.tr\/index.php?rest_route=\/wp\/v2\/media\/2628"}],"wp:attachment":[{"href":"https:\/\/haberbesiktas.tr\/index.php?rest_route=%2Fwp%2Fv2%2Fmedia&parent=2627"}],"wp:term":[{"taxonomy":"category","embeddable":true,"href":"https:\/\/haberbesiktas.tr\/index.php?rest_route=%2Fwp%2Fv2%2Fcategories&post=2627"},{"taxonomy":"post_tag","embeddable":true,"href":"https:\/\/haberbesiktas.tr\/index.php?rest_route=%2Fwp%2Fv2%2Ftags&post=2627"}],"curies":[{"name":"wp","href":"https:\/\/api.w.org\/{rel}","templated":true}]}}