{"id":26346,"date":"2025-05-04T03:12:10","date_gmt":"2025-05-04T03:12:10","guid":{"rendered":"https:\/\/haberbesiktas.tr\/?p=26346"},"modified":"2025-05-04T03:12:10","modified_gmt":"2025-05-04T03:12:10","slug":"alp-aksoy-italyada-podyumu-hedefliyor","status":"publish","type":"post","link":"https:\/\/haberbesiktas.tr\/?p=26346","title":{"rendered":"Alp Aksoy, \u0130talya&#8217;da podyumu hedefliyor"},"content":{"rendered":"<p>T\u00fcrkiye&#8217;nin gen\u00e7 ulusal atletlerinden Alp Aksoy, 2025&#8217;e s\u00fcratli bir giri\u015f yaparak d\u00f6rd\u00fcnc\u00fc yar\u0131\u015f\u0131na 5-9 Mart tarihleri ortas\u0131nda WSK Harika Serisi ile \u0130talya&#8217;da \u00e7\u0131k\u0131yor.<\/p>\n<p> D\u00fcnyan\u0131n en eski karting yar\u0131\u015flar\u0131ndan Industrie Kupas\u0131&#8217;nda podyuma \u00e7\u0131kan birinci ve tek T\u00fcrk pilot olma unvan\u0131na sahip Alp Aksoy, 2024 y\u0131l\u0131nda bir\u00e7ok farkl\u0131 seride k\u0131ymetli ba\u015far\u0131lar\u0131na imza att\u0131. Her yar\u0131\u015f\u0131nda bir ad\u0131m daha ileriye giden Aksoy, 2025&#8217;te geli\u015fim serilerinin en \u00e2l\u00e2 ekiplerinden olan Prema Racing ile anla\u015ft\u0131. Gen\u00e7 yar\u0131\u015f\u00e7\u0131, yeni ekibiyle \u00fc\u00e7\u00fcnc\u00fc yar\u0131\u015f\u0131na bu hafta sonu \u0130talya&#8217;daki Franciacorta Karting Pisti&#8217;nde \u00e7\u0131k\u0131yor. Aksoy, seride OK kategorisinde ve Prema Racing ekibi ile yar\u0131\u015facak.<\/p>\n<p> Ulusal atlet Alp Aksoy, profesyonel yar\u0131\u015f mesle\u011fine 5 ya\u015f\u0131nda ad\u0131m att\u0131. Avrupa ve d\u00fcnya karting \u015fampiyonalar\u0131nda t\u0131pk\u0131 anda \u00e7aba eden birinci ve tek T\u00fcrk pilot olan Aksoy, yar\u0131\u015flar\u0131nda k\u0131sa m\u00fcddette podyumlara \u00e7\u0131kmay\u0131 ba\u015fard\u0131. Aksoy, T\u00fcrkiye Karting \u015eampiyonas\u0131, T\u00fcrkiye Berat T\u00fcrker K\u0131\u015f Kupas\u0131, CEE Avrupa \u015eampiyonas\u0131, WSK \u00dcst\u00fcn Master Series, FIA Karting D\u00fcnya \u015eampiyonas\u0131 \u00fczere bir\u00e7ok seride muvaffakiyetler elde etti.\u00a0<\/p>\n<p> <strong>ALP AKSOY&#8217;UN WSK HAR\u0130KA SER\u0130S\u0130&#8217;NDEK\u0130 D\u00d6RD\u00dcNC\u00dc YARI\u015eI \u0130TALYA&#8217;DA<\/strong><\/p>\n<p> Formula 1&#8217;i hedefleyen gen\u00e7 pilotlar i\u00e7in k\u0131ymetli serilerden olan WSK Muhte\u015fem Serisi, d\u00fcnyan\u0131n d\u00f6rt bir yan\u0131ndaki ba\u015far\u0131l\u0131 pilotlar\u0131n rekabetine konut sahipli\u011fi yapacak. Yar\u0131\u015f haftas\u0131 ile ilgili gen\u00e7 pilot, <strong>&#8220;Ge\u00e7en yar\u0131\u015fa ya\u015fanan kazadan \u00f6t\u00fcr\u00fc 22&#8217;nci ba\u015flad\u0131m ve 17 arac\u0131 ge\u00e7erek be\u015finci oldum. Daha yeterli bir yar\u0131\u015f ge\u00e7irmek istiyoruz ve her g\u00fcn daha uyguna gidiyoruz&#8221;<\/strong> dedi.<\/p>\n","protected":false},"excerpt":{"rendered":"<p>Gen\u00e7 ulusal pilot Alp Aksoy, WSK Muhte\u015fem Serisi&#8217;ndeki d\u00f6rd\u00fcnc\u00fc yar\u0131\u015f\u0131 i\u00e7in \u0130talya&#8217;da piste \u00e7\u0131kmaya haz\u0131rlan\u0131yor.<\/p>\n","protected":false},"author":1,"featured_media":26347,"comment_status":"open","ping_status":"open","sticky":false,"template":"","format":"standard","meta":{"footnotes":""},"categories":[27],"tags":[1657,92,1279,89,88],"class_list":["post-26346","post","type-post","status-publish","format-standard","has-post-thumbnail","hentry","category-guncel-haberler","tag-aksoy","tag-karting","tag-pilot","tag-turk","tag-yaris"],"_links":{"self":[{"href":"https:\/\/haberbesiktas.tr\/index.php?rest_route=\/wp\/v2\/posts\/26346","targetHints":{"allow":["GET"]}}],"collection":[{"href":"https:\/\/haberbesiktas.tr\/index.php?rest_route=\/wp\/v2\/posts"}],"about":[{"href":"https:\/\/haberbesiktas.tr\/index.php?rest_route=\/wp\/v2\/types\/post"}],"author":[{"embeddable":true,"href":"https:\/\/haberbesiktas.tr\/index.php?rest_route=\/wp\/v2\/users\/1"}],"replies":[{"embeddable":true,"href":"https:\/\/haberbesiktas.tr\/index.php?rest_route=%2Fwp%2Fv2%2Fcomments&post=26346"}],"version-history":[{"count":1,"href":"https:\/\/haberbesiktas.tr\/index.php?rest_route=\/wp\/v2\/posts\/26346\/revisions"}],"predecessor-version":[{"id":26348,"href":"https:\/\/haberbesiktas.tr\/index.php?rest_route=\/wp\/v2\/posts\/26346\/revisions\/26348"}],"wp:featuredmedia":[{"embeddable":true,"href":"https:\/\/haberbesiktas.tr\/index.php?rest_route=\/wp\/v2\/media\/26347"}],"wp:attachment":[{"href":"https:\/\/haberbesiktas.tr\/index.php?rest_route=%2Fwp%2Fv2%2Fmedia&parent=26346"}],"wp:term":[{"taxonomy":"category","embeddable":true,"href":"https:\/\/haberbesiktas.tr\/index.php?rest_route=%2Fwp%2Fv2%2Fcategories&post=26346"},{"taxonomy":"post_tag","embeddable":true,"href":"https:\/\/haberbesiktas.tr\/index.php?rest_route=%2Fwp%2Fv2%2Ftags&post=26346"}],"curies":[{"name":"wp","href":"https:\/\/api.w.org\/{rel}","templated":true}]}}