{"id":26349,"date":"2025-05-04T03:24:13","date_gmt":"2025-05-04T03:24:13","guid":{"rendered":"https:\/\/haberbesiktas.tr\/?p=26349"},"modified":"2025-05-04T03:24:13","modified_gmt":"2025-05-04T03:24:13","slug":"manisa-fkda-taner-taskin-donemi","status":"publish","type":"post","link":"https:\/\/haberbesiktas.tr\/?p=26349","title":{"rendered":"Manisa FK&#8217;da Taner Ta\u015fk\u0131n d\u00f6nemi"},"content":{"rendered":"<div><span>1&#8217;inci Lig gruplar\u0131ndan Manisa FK&#8217;da Hakan \u015eap\u00e7\u0131 ile yollar\u0131n\u0131 ay\u0131ran idare, teknik y\u00f6neticilik vazifesine Taner Ta\u015fk\u0131n&#8217;\u0131 getirdi. <\/p>\n<p>Fikri Bayr\u0131l Spor Tesisleri&#8217;nde ger\u00e7ekle\u015fen imza merasimine lider Ersin \u00d6zta\u015f kat\u0131ld\u0131.<\/p>\n<p> Manisal\u0131 teknik adam siyah-beyazl\u0131 kul\u00fcb\u00fc ili\u015fkin oldu\u011fu noktaya ta\u015f\u0131yacaklar\u0131n\u0131 belirterek,<strong> &#8220;Biz Manisal\u0131y\u0131z ve yeterli g\u00fcnde de berbat g\u00fcnde de sorumluluk almak misyonumuz. \u00c7ok \u00e7al\u0131\u015f\u0131p en k\u0131sa m\u00fcddette kadromuzu i\u00e7inde bulundu\u011fu durumdan daha \u00fcst s\u0131ralara \u00e7\u0131karmak istiyoruz. Hem taraftarlar\u0131m\u0131zdan hem de Manisal\u0131lardan takviye ve dua bekliyoruz&#8221;<\/strong> dedi. <\/p>\n<p>Tecr\u00fcbeli teknik adam t\u0131pk\u0131 kul\u00fcpte 2019&#8217;da 2&#8217;nci Lig&#8217;de, 2011-12&#8217;de ise B\u00f6lgesel Amat\u00f6r Lig&#8217;de vazife yapm\u0131\u015ft\u0131.<\/span><\/div>\n<p><\/p>\n","protected":false},"excerpt":{"rendered":"<p>1&#8217;inci Lig gruplar\u0131ndan Manisa FK&#8217;da Hakan \u015eap\u00e7\u0131 ile yollar\u0131n\u0131 ay\u0131ran idare, teknik y\u00f6neticili\u011fe Taner Ta\u015fk\u0131n&#8217;\u0131 getirdi.<\/p>\n","protected":false},"author":1,"featured_media":26350,"comment_status":"open","ping_status":"open","sticky":false,"template":"","format":"standard","meta":{"footnotes":""},"categories":[25],"tags":[],"class_list":["post-26349","post","type-post","status-publish","format-standard","has-post-thumbnail","hentry","category-futbol"],"_links":{"self":[{"href":"https:\/\/haberbesiktas.tr\/index.php?rest_route=\/wp\/v2\/posts\/26349","targetHints":{"allow":["GET"]}}],"collection":[{"href":"https:\/\/haberbesiktas.tr\/index.php?rest_route=\/wp\/v2\/posts"}],"about":[{"href":"https:\/\/haberbesiktas.tr\/index.php?rest_route=\/wp\/v2\/types\/post"}],"author":[{"embeddable":true,"href":"https:\/\/haberbesiktas.tr\/index.php?rest_route=\/wp\/v2\/users\/1"}],"replies":[{"embeddable":true,"href":"https:\/\/haberbesiktas.tr\/index.php?rest_route=%2Fwp%2Fv2%2Fcomments&post=26349"}],"version-history":[{"count":1,"href":"https:\/\/haberbesiktas.tr\/index.php?rest_route=\/wp\/v2\/posts\/26349\/revisions"}],"predecessor-version":[{"id":26351,"href":"https:\/\/haberbesiktas.tr\/index.php?rest_route=\/wp\/v2\/posts\/26349\/revisions\/26351"}],"wp:featuredmedia":[{"embeddable":true,"href":"https:\/\/haberbesiktas.tr\/index.php?rest_route=\/wp\/v2\/media\/26350"}],"wp:attachment":[{"href":"https:\/\/haberbesiktas.tr\/index.php?rest_route=%2Fwp%2Fv2%2Fmedia&parent=26349"}],"wp:term":[{"taxonomy":"category","embeddable":true,"href":"https:\/\/haberbesiktas.tr\/index.php?rest_route=%2Fwp%2Fv2%2Fcategories&post=26349"},{"taxonomy":"post_tag","embeddable":true,"href":"https:\/\/haberbesiktas.tr\/index.php?rest_route=%2Fwp%2Fv2%2Ftags&post=26349"}],"curies":[{"name":"wp","href":"https:\/\/api.w.org\/{rel}","templated":true}]}}