{"id":26352,"date":"2025-05-04T03:36:12","date_gmt":"2025-05-04T03:36:12","guid":{"rendered":"https:\/\/haberbesiktas.tr\/?p=26352"},"modified":"2025-05-04T03:36:12","modified_gmt":"2025-05-04T03:36:12","slug":"pfdk-super-ligden-3-kulube-para-cezasi-verdi","status":"publish","type":"post","link":"https:\/\/haberbesiktas.tr\/?p=26352","title":{"rendered":"PFDK, S\u00fcper Lig&#8217;den 3 kul\u00fcbe para cezas\u0131 verdi"},"content":{"rendered":"<div>\n<p>T\u00fcrkiye Futbol Federasyonu Profesyonel Futbol Disiplin Kurulu (PFDK), Fenerbah\u00e7e, Galatasaray ve G\u00f6ztepe kul\u00fcplerine para cezas\u0131 verdi.\u00a0<\/p>\n<p> TFF&#8217;den yap\u0131lan a\u00e7\u0131klamada, Fenerbah\u00e7e&#8217;ye 2 milyon, Galatasaray&#8217;a 1 milyon 570 bin, G\u00f6ztepe&#8217;ye ise 168 bin lira para cezas\u0131 verildi\u011fi belirtildi.<\/p>\n<p> Disipline sevk edilen Galatasaray Kul\u00fcb\u00fc y\u00f6neticisi Can Natan&#8217;a 23 g\u00fcn hak mahrumiyetiyle bir arada 750 bin lira, sar\u0131-k\u0131rm\u0131z\u0131l\u0131 kul\u00fcb\u00fcn kaleci antren\u00f6r\u00fc Y\u0131lmaz Y\u00fcksel&#8217;e de 58 bin 500 lira para cezas\u0131na h\u00fckmedildi.<\/p>\n<p> Fenerbah\u00e7e Kul\u00fcb\u00fcn\u00fcn y\u00f6neticilerinden Fethi Pekin&#8217;e ise 45 g\u00fcn hak mahrumiyeti ve 1 milyon 500 bin lira para cezas\u0131 verildi.<\/p>\n<p> Ayr\u0131yeten, Galatasaray ve Fenerbah\u00e7eli taraftarlar\u0131n bir sonraki ma\u00e7ta elektronik biletleri bloke edildi.<\/p>\n<p> ikas Ey\u00fcpsporlu futbolcu Caner Erkin ise yard\u0131mc\u0131 hakeme y\u00f6nelik hakareti nedeniyle 3 resmi kar\u015f\u0131la\u015fmadan men ve 58 bin 500 lira para cezas\u0131 ald\u0131.<\/p>\n<\/div>\n<p><\/p>\n","protected":false},"excerpt":{"rendered":"<p>PFDK, Fenerbah\u00e7e, Galatasaray ve G\u00f6ztepe&#8217;ye para cezas\u0131 verirken, y\u00f6neticilere ve Caner Erkin&#8217;e men cezalar\u0131 uygulad\u0131.<\/p>\n","protected":false},"author":1,"featured_media":26353,"comment_status":"open","ping_status":"open","sticky":false,"template":"","format":"standard","meta":{"footnotes":""},"categories":[25],"tags":[405,718],"class_list":["post-26352","post","type-post","status-publish","format-standard","has-post-thumbnail","hentry","category-futbol","tag-lira","tag-para-cezasi"],"_links":{"self":[{"href":"https:\/\/haberbesiktas.tr\/index.php?rest_route=\/wp\/v2\/posts\/26352","targetHints":{"allow":["GET"]}}],"collection":[{"href":"https:\/\/haberbesiktas.tr\/index.php?rest_route=\/wp\/v2\/posts"}],"about":[{"href":"https:\/\/haberbesiktas.tr\/index.php?rest_route=\/wp\/v2\/types\/post"}],"author":[{"embeddable":true,"href":"https:\/\/haberbesiktas.tr\/index.php?rest_route=\/wp\/v2\/users\/1"}],"replies":[{"embeddable":true,"href":"https:\/\/haberbesiktas.tr\/index.php?rest_route=%2Fwp%2Fv2%2Fcomments&post=26352"}],"version-history":[{"count":1,"href":"https:\/\/haberbesiktas.tr\/index.php?rest_route=\/wp\/v2\/posts\/26352\/revisions"}],"predecessor-version":[{"id":26354,"href":"https:\/\/haberbesiktas.tr\/index.php?rest_route=\/wp\/v2\/posts\/26352\/revisions\/26354"}],"wp:featuredmedia":[{"embeddable":true,"href":"https:\/\/haberbesiktas.tr\/index.php?rest_route=\/wp\/v2\/media\/26353"}],"wp:attachment":[{"href":"https:\/\/haberbesiktas.tr\/index.php?rest_route=%2Fwp%2Fv2%2Fmedia&parent=26352"}],"wp:term":[{"taxonomy":"category","embeddable":true,"href":"https:\/\/haberbesiktas.tr\/index.php?rest_route=%2Fwp%2Fv2%2Fcategories&post=26352"},{"taxonomy":"post_tag","embeddable":true,"href":"https:\/\/haberbesiktas.tr\/index.php?rest_route=%2Fwp%2Fv2%2Ftags&post=26352"}],"curies":[{"name":"wp","href":"https:\/\/api.w.org\/{rel}","templated":true}]}}