{"id":26355,"date":"2025-05-04T03:48:12","date_gmt":"2025-05-04T03:48:12","guid":{"rendered":"https:\/\/haberbesiktas.tr\/?p=26355"},"modified":"2025-05-04T03:48:12","modified_gmt":"2025-05-04T03:48:12","slug":"acun-ilicalidan-galatasaray-maci-icin-yabanci-hakem-aciklamasi","status":"publish","type":"post","link":"https:\/\/haberbesiktas.tr\/?p=26355","title":{"rendered":"Acun Il\u0131cal\u0131&#8217;dan Galatasaray ma\u00e7\u0131 i\u00e7in yabanc\u0131 hakem a\u00e7\u0131klamas\u0131!"},"content":{"rendered":"<div>Fenerbah\u00e7e Asba\u015fkan\u0131 Acun Il\u0131cal\u0131, Glasgow Rangers ma\u00e7\u0131 \u00f6ncesi TRT Spor&#8217;a a\u00e7\u0131klamalarda bulundu.\u00a0<\/p>\n<p><strong>&#8220;HERKES KENETLEND\u0130&#8221;<\/strong><\/p>\n<p>Glasgow Rangers ma\u00e7\u0131 ile ilgili g\u00f6r\u00fc\u015flerini aktaran Acun Il\u0131cal\u0131,\u00a0<strong>&#8220;Ma\u00e7lardan evvel \u00f6ng\u00f6r\u00fcde bulunmuyorum. Bir ma\u00e7tan evvel ba\u015f\u0131ma bir \u015feyler geldi. Avantajl\u0131 bir skor umuyorum. Kadro istim \u00fcst\u00fcnde. Bizi gururland\u0131r\u0131yorlar. Oynayan oynamayan herkes kenetlendi. D\u0131\u015far\u0131da kalan\u0131n takviye vermesi tak\u0131m\u0131n g\u00fcc\u00fcn\u00fc art\u0131r\u0131yor. Favoriyiz fakat futbol bu. \u0130nan\u0131yorum. Kazan\u0131r\u0131z.&#8221;<\/strong>\u00a0dedi.<\/p>\n<p><strong>&#8220;GE\u00c7 A\u00c7ILDIK LAK\u0130N D\u00dcZG\u00dcN A\u00c7ILDIK&#8221;<\/strong><\/p>\n<p><span>Acun Il\u0131cal\u0131 ayr\u0131yeten,<strong> &#8220;Kupada da ligde de iddial\u0131y\u0131z. Biraz ge\u00e7 a\u00e7\u0131ld\u0131k lakin yeterli a\u00e7\u0131ld\u0131k, ho\u015f a\u00e7\u0131ld\u0131k. Son d\u00fczl\u00fc\u011fe yanl\u0131\u015fs\u0131z h\u0131zland\u0131k. Bundan sonra nasip&#8230;&#8221;<\/strong> kelamlar\u0131n\u0131 sarf etti.<\/span><\/p>\n<p><strong>&#8220;\u0130N\u015eALLAH O DENL\u0130 B\u0130R TALEP GEL\u0130R&#8221;<\/strong><\/p>\n<p><span>Kupada Galatasaray ile oynayacaklar\u0131 ma\u00e7\u0131, yabanc\u0131 hakemin y\u00f6netmesini istedi\u011fini lisana getiren Acun Il\u0131cal\u0131, <strong>&#8220;Kupada Galatasaray ile e\u015fle\u015ftik. \u0130yi olsun. Kad\u0131k\u00f6y&#8217;de olmas\u0131 bizim i\u00e7in avantaj. Yabanc\u0131 hakem konusunda bir istek geliyor diye duydum. \u0130n\u015fallah gelir. Biz \u00e7ok seviniriz. &#8216;Kad\u0131k\u00f6y&#8217;de yerli hakemlerle oynayal\u0131m, d\u0131\u015far\u0131da yabanc\u0131 hakemle oynayal\u0131m&#8217; diye tezimiz yok. Bizim maksad\u0131m\u0131z adaletin gelmesi. \u0130n\u015fallah o denli bir talep oradan da gelir. Yabanc\u0131 hakem y\u00f6netmesini diliyorum. 3 kulvarda da iddial\u0131y\u0131z.&#8221;<\/strong> s\u00f6zlerini kulland\u0131.\u00a0<br \/><\/span><\/p>\n<p><\/div>\n<p><\/p>\n","protected":false},"excerpt":{"rendered":"<p>Fenerbah\u00e7e Asba\u015fkan\u0131 Acun Il\u0131cal\u0131, Glasgow Rangers ma\u00e7\u0131 \u00f6ncesi a\u00e7\u0131klamalar yapt\u0131.<\/p>\n","protected":false},"author":1,"featured_media":26356,"comment_status":"open","ping_status":"open","sticky":false,"template":"","format":"standard","meta":{"footnotes":""},"categories":[25],"tags":[62],"class_list":["post-26355","post","type-post","status-publish","format-standard","has-post-thumbnail","hentry","category-futbol","tag-hakem"],"_links":{"self":[{"href":"https:\/\/haberbesiktas.tr\/index.php?rest_route=\/wp\/v2\/posts\/26355","targetHints":{"allow":["GET"]}}],"collection":[{"href":"https:\/\/haberbesiktas.tr\/index.php?rest_route=\/wp\/v2\/posts"}],"about":[{"href":"https:\/\/haberbesiktas.tr\/index.php?rest_route=\/wp\/v2\/types\/post"}],"author":[{"embeddable":true,"href":"https:\/\/haberbesiktas.tr\/index.php?rest_route=\/wp\/v2\/users\/1"}],"replies":[{"embeddable":true,"href":"https:\/\/haberbesiktas.tr\/index.php?rest_route=%2Fwp%2Fv2%2Fcomments&post=26355"}],"version-history":[{"count":1,"href":"https:\/\/haberbesiktas.tr\/index.php?rest_route=\/wp\/v2\/posts\/26355\/revisions"}],"predecessor-version":[{"id":26357,"href":"https:\/\/haberbesiktas.tr\/index.php?rest_route=\/wp\/v2\/posts\/26355\/revisions\/26357"}],"wp:featuredmedia":[{"embeddable":true,"href":"https:\/\/haberbesiktas.tr\/index.php?rest_route=\/wp\/v2\/media\/26356"}],"wp:attachment":[{"href":"https:\/\/haberbesiktas.tr\/index.php?rest_route=%2Fwp%2Fv2%2Fmedia&parent=26355"}],"wp:term":[{"taxonomy":"category","embeddable":true,"href":"https:\/\/haberbesiktas.tr\/index.php?rest_route=%2Fwp%2Fv2%2Fcategories&post=26355"},{"taxonomy":"post_tag","embeddable":true,"href":"https:\/\/haberbesiktas.tr\/index.php?rest_route=%2Fwp%2Fv2%2Ftags&post=26355"}],"curies":[{"name":"wp","href":"https:\/\/api.w.org\/{rel}","templated":true}]}}