{"id":26442,"date":"2025-05-04T09:24:11","date_gmt":"2025-05-04T09:24:11","guid":{"rendered":"https:\/\/haberbesiktas.tr\/?p=26442"},"modified":"2025-05-04T09:24:11","modified_gmt":"2025-05-04T09:24:11","slug":"sarunas-jasikevicius-benim-icin-dogum-gunu-hediyesi-oldu","status":"publish","type":"post","link":"https:\/\/haberbesiktas.tr\/?p=26442","title":{"rendered":"Sarunas Jasikevicius: &#8220;Benim i\u00e7in do\u011fum g\u00fcn\u00fc hediyesi oldu&#8221;"},"content":{"rendered":"<div>THY Euroleague&#8217;in 28. haftas\u0131nda Fenerbah\u00e7e Beko, \u0130talya&#8217;n\u0131n EA7 Emporio Armani Milano ekibini deplasmanda 100-76 ma\u011flup etti.<\/p>\n<p> Galibiyetin akabinde Fenerbah\u00e7e Beko Ba\u015fantren\u00f6r\u00fc Sarunas Jasikevicius, a\u00e7\u0131klamalarda bulundu.<\/p>\n<p> <strong>&#8220;\u00c7OK UYGUN B\u0130R DO\u011eUM G\u00dcN\u00dc HED\u0130YES\u0130&#8221;<\/strong><\/p>\n<p> Bu galibiyetin kendisine ho\u015f bir do\u011fum g\u00fcn\u00fc arma\u011fan\u0131 oldu\u011funu s\u00f6yleyen Litvanyal\u0131 Ko\u00e7,<strong> &#8220;Benim i\u00e7in \u00e7ok \u00e2l\u00e2 bir do\u011fum g\u00fcn\u00fc oldu. Hem bug\u00fcn kazand\u0131k, hem de Milano&#8217;da d\u0131\u015far\u0131 \u00e7\u0131k\u0131p ho\u015f \u015feyler yiyebildim.&#8221;<\/strong> dedi.<\/p>\n<p> Milano kentinin mutfa\u011f\u0131n\u0131 \u00f6ven Jasikevicius<strong>\u00a0&#8220;Bu kentte ho\u015f \u015feyler yemek konusunda pek sorun ya\u015fam\u0131yorsunuz.&#8221;<\/strong> kelamlar\u0131n\u0131 sarf etti.<\/p>\n<p> <strong>&#8220;\u00c7OK HO\u015e B\u0130R GAL\u0130B\u0130YET OLDU&#8221;<\/strong><\/p>\n<p> Jasikevicius ayr\u0131yeten,<strong> &#8220;Mutluyuz ve memnun olmal\u0131y\u0131z zira \u00e7ok ho\u015f bir galibiyet oldu. Hem burada olan hem de seyahat eden b\u00fct\u00fcn taraftarlar\u0131m\u0131za te\u015fekk\u00fcr etmek istiyorum. Maccabi ma\u00e7\u0131nda yapt\u0131\u011f\u0131m\u0131z \u00fczere \u00e7ok fazla top kayb\u0131 yapmad\u0131k. \u015eutlar\u0131m\u0131z girdi ve denetim b\u00fcsb\u00fct\u00fcn bize ge\u00e7ti.&#8221;<\/strong> s\u00f6zlerini kulland\u0131.<\/p>\n<\/div>\n<p><\/p>\n","protected":false},"excerpt":{"rendered":"<p>Fenerbah\u00e7e Beko Ba\u015fantren\u00f6r\u00fc Sarunas Jasikevicius, EA7 Emporio Armani Milano&#8217;yu deplasmanda 100-76 ma\u011flup ettikleri ma\u00e7\u0131n akabinde konu\u015ftu.<\/p>\n","protected":false},"author":1,"featured_media":26443,"comment_status":"open","ping_status":"open","sticky":false,"template":"","format":"standard","meta":{"footnotes":""},"categories":[10],"tags":[737],"class_list":["post-26442","post","type-post","status-publish","format-standard","has-post-thumbnail","hentry","category-basketbol","tag-guzel"],"_links":{"self":[{"href":"https:\/\/haberbesiktas.tr\/index.php?rest_route=\/wp\/v2\/posts\/26442","targetHints":{"allow":["GET"]}}],"collection":[{"href":"https:\/\/haberbesiktas.tr\/index.php?rest_route=\/wp\/v2\/posts"}],"about":[{"href":"https:\/\/haberbesiktas.tr\/index.php?rest_route=\/wp\/v2\/types\/post"}],"author":[{"embeddable":true,"href":"https:\/\/haberbesiktas.tr\/index.php?rest_route=\/wp\/v2\/users\/1"}],"replies":[{"embeddable":true,"href":"https:\/\/haberbesiktas.tr\/index.php?rest_route=%2Fwp%2Fv2%2Fcomments&post=26442"}],"version-history":[{"count":1,"href":"https:\/\/haberbesiktas.tr\/index.php?rest_route=\/wp\/v2\/posts\/26442\/revisions"}],"predecessor-version":[{"id":26444,"href":"https:\/\/haberbesiktas.tr\/index.php?rest_route=\/wp\/v2\/posts\/26442\/revisions\/26444"}],"wp:featuredmedia":[{"embeddable":true,"href":"https:\/\/haberbesiktas.tr\/index.php?rest_route=\/wp\/v2\/media\/26443"}],"wp:attachment":[{"href":"https:\/\/haberbesiktas.tr\/index.php?rest_route=%2Fwp%2Fv2%2Fmedia&parent=26442"}],"wp:term":[{"taxonomy":"category","embeddable":true,"href":"https:\/\/haberbesiktas.tr\/index.php?rest_route=%2Fwp%2Fv2%2Fcategories&post=26442"},{"taxonomy":"post_tag","embeddable":true,"href":"https:\/\/haberbesiktas.tr\/index.php?rest_route=%2Fwp%2Fv2%2Ftags&post=26442"}],"curies":[{"name":"wp","href":"https:\/\/api.w.org\/{rel}","templated":true}]}}