{"id":26454,"date":"2025-05-04T10:12:10","date_gmt":"2025-05-04T10:12:10","guid":{"rendered":"https:\/\/haberbesiktas.tr\/?p=26454"},"modified":"2025-05-04T10:12:10","modified_gmt":"2025-05-04T10:12:10","slug":"milli-atletler-tugba-danismaz-ve-alperen-acet-finalde","status":"publish","type":"post","link":"https:\/\/haberbesiktas.tr\/?p=26454","title":{"rendered":"Milli atletler Tu\u011fba Dan\u0131\u015fmaz ve Alperen Acet finalde!"},"content":{"rendered":"<p>Avrupa Salon Atletizm \u015eampiyonas\u0131&#8217;na kat\u0131lan ulusal atletlerden Tu\u011fba Dan\u0131\u015fmaz ve Alperen Acet, finale y\u00fckseldi.<\/p>\n<p> T\u00fcrkiye Atletizm Federasyonunun a\u00e7\u0131klamas\u0131na nazaran, Hollanda&#8217;n\u0131n Apeldoorn kentinde d\u00fczenlenen tertip ba\u015flad\u0131.<\/p>\n<p> \u015eampiyonaya bayanlar \u00fc\u00e7 ad\u0131m atlamada unvan\u0131n\u0131 korumak i\u00e7in gelen Tu\u011fba, elemelerdeki 14.10 metrelik atlay\u0131\u015f\u0131yla ismini, 7 Mart Cuma g\u00fcn\u00fc TS\u0130 20.50&#8217;de ba\u015flayacak finale yazd\u0131rd\u0131.<\/p>\n<p> Erkekler y\u00fcksek atlama elemelerinde u\u011fra\u015f eden Alperen ise 2.18 metrelik derecesiyle finalist oldu. Final atlay\u0131\u015flar\u0131, 8 Mart Cumartesi g\u00fcn\u00fc TS\u0130 22.09&#8217;da yap\u0131lacak.<\/p>\n","protected":false},"excerpt":{"rendered":"<p>Ulusal atletler Tu\u011fba Dan\u0131\u015fmaz ve Alperen Acet, Avrupa Salon Atletizm \u015eampiyonas\u0131&#8217;nda finale y\u00fckseldi.<\/p>\n","protected":false},"author":1,"featured_media":26455,"comment_status":"open","ping_status":"open","sticky":false,"template":"","format":"standard","meta":{"footnotes":""},"categories":[27],"tags":[],"class_list":["post-26454","post","type-post","status-publish","format-standard","has-post-thumbnail","hentry","category-guncel-haberler"],"_links":{"self":[{"href":"https:\/\/haberbesiktas.tr\/index.php?rest_route=\/wp\/v2\/posts\/26454","targetHints":{"allow":["GET"]}}],"collection":[{"href":"https:\/\/haberbesiktas.tr\/index.php?rest_route=\/wp\/v2\/posts"}],"about":[{"href":"https:\/\/haberbesiktas.tr\/index.php?rest_route=\/wp\/v2\/types\/post"}],"author":[{"embeddable":true,"href":"https:\/\/haberbesiktas.tr\/index.php?rest_route=\/wp\/v2\/users\/1"}],"replies":[{"embeddable":true,"href":"https:\/\/haberbesiktas.tr\/index.php?rest_route=%2Fwp%2Fv2%2Fcomments&post=26454"}],"version-history":[{"count":1,"href":"https:\/\/haberbesiktas.tr\/index.php?rest_route=\/wp\/v2\/posts\/26454\/revisions"}],"predecessor-version":[{"id":26456,"href":"https:\/\/haberbesiktas.tr\/index.php?rest_route=\/wp\/v2\/posts\/26454\/revisions\/26456"}],"wp:featuredmedia":[{"embeddable":true,"href":"https:\/\/haberbesiktas.tr\/index.php?rest_route=\/wp\/v2\/media\/26455"}],"wp:attachment":[{"href":"https:\/\/haberbesiktas.tr\/index.php?rest_route=%2Fwp%2Fv2%2Fmedia&parent=26454"}],"wp:term":[{"taxonomy":"category","embeddable":true,"href":"https:\/\/haberbesiktas.tr\/index.php?rest_route=%2Fwp%2Fv2%2Fcategories&post=26454"},{"taxonomy":"post_tag","embeddable":true,"href":"https:\/\/haberbesiktas.tr\/index.php?rest_route=%2Fwp%2Fv2%2Ftags&post=26454"}],"curies":[{"name":"wp","href":"https:\/\/api.w.org\/{rel}","templated":true}]}}