{"id":26463,"date":"2025-05-04T10:48:15","date_gmt":"2025-05-04T10:48:15","guid":{"rendered":"https:\/\/haberbesiktas.tr\/?p=26463"},"modified":"2025-05-04T10:48:15","modified_gmt":"2025-05-04T10:48:15","slug":"uefa-avrupa-liginde-toplu-sonuclar","status":"publish","type":"post","link":"https:\/\/haberbesiktas.tr\/?p=26463","title":{"rendered":"UEFA Avrupa Ligi&#8217;nde toplu sonu\u00e7lar!"},"content":{"rendered":"<div>\n<p>UEFA Avrupa Ligi&#8217;nde son 16 \u00e7e\u015fidi birinci aya\u011f\u0131, 4 ma\u00e7la tamamland\u0131.<\/p>\n<p> Avrupa futbolunun kul\u00fcp seviyesindeki iki numaral\u0131 tertibinin son 16 cinsinde, TS\u0130 23.00&#8217;te ba\u015flayan m\u00fcsabakalar sona erdi.<\/p>\n<p> Ulusal futbolcu Zeki \u00c7elik&#8217;in forma giydi\u011fi Roma, alan\u0131nda Athletic Bilbao&#8217;yu 2-1 yendi. Zeki \u00c7elik, 90 dakika vazife ald\u0131\u011f\u0131 ma\u00e7ta bir asist yapt\u0131.<\/p>\n<p> Bir \u00f6teki ulusal oyuncu Can Uzun&#8217;un vazife yapt\u0131\u011f\u0131 Eintracht Frankfurt ise deplasmanda Ajax&#8217;\u0131 2-1 ma\u011flup etti. Can Uzun, \u00e7aban\u0131n 90. dakikas\u0131nda oyuna dahil oldu.<\/p>\n<p> Kar\u015f\u0131la\u015fmalar\u0131n r\u00f6van\u015flar\u0131, 13 Mart Per\u015fembe g\u00fcn\u00fc oynanacak.<\/p>\n<p> <strong>Al\u0131nan sonu\u00e7lar \u015f\u00f6yle:<\/strong><\/p>\n<p> Viktoria Plzen (\u00c7ekya)-Lazio (\u0130talya): 1-2\u00a0<\/p>\n<p> Bodo\/Glimt (Norve\u00e7)-Olympiakos (Yunanistan): 3-0\u00a0<\/p>\n<p> Ajax (Hollanda)-Eintracht Frankfurt (Almanya): 1-2\u00a0<\/p>\n<p> Roma (\u0130talya)-Athletic Bilbao (\u0130spanya): 2-1<\/p>\n<p> \u00a0<\/p>\n<\/div>\n<p><\/p>\n","protected":false},"excerpt":{"rendered":"<p>UEFA Avrupa Ligi&#8217;nde son 16 tipi birinci aya\u011f\u0131, 4 ma\u00e7la sona erdi.<\/p>\n","protected":false},"author":1,"featured_media":26464,"comment_status":"open","ping_status":"open","sticky":false,"template":"","format":"standard","meta":{"footnotes":""},"categories":[25],"tags":[],"class_list":["post-26463","post","type-post","status-publish","format-standard","has-post-thumbnail","hentry","category-futbol"],"_links":{"self":[{"href":"https:\/\/haberbesiktas.tr\/index.php?rest_route=\/wp\/v2\/posts\/26463","targetHints":{"allow":["GET"]}}],"collection":[{"href":"https:\/\/haberbesiktas.tr\/index.php?rest_route=\/wp\/v2\/posts"}],"about":[{"href":"https:\/\/haberbesiktas.tr\/index.php?rest_route=\/wp\/v2\/types\/post"}],"author":[{"embeddable":true,"href":"https:\/\/haberbesiktas.tr\/index.php?rest_route=\/wp\/v2\/users\/1"}],"replies":[{"embeddable":true,"href":"https:\/\/haberbesiktas.tr\/index.php?rest_route=%2Fwp%2Fv2%2Fcomments&post=26463"}],"version-history":[{"count":1,"href":"https:\/\/haberbesiktas.tr\/index.php?rest_route=\/wp\/v2\/posts\/26463\/revisions"}],"predecessor-version":[{"id":26465,"href":"https:\/\/haberbesiktas.tr\/index.php?rest_route=\/wp\/v2\/posts\/26463\/revisions\/26465"}],"wp:featuredmedia":[{"embeddable":true,"href":"https:\/\/haberbesiktas.tr\/index.php?rest_route=\/wp\/v2\/media\/26464"}],"wp:attachment":[{"href":"https:\/\/haberbesiktas.tr\/index.php?rest_route=%2Fwp%2Fv2%2Fmedia&parent=26463"}],"wp:term":[{"taxonomy":"category","embeddable":true,"href":"https:\/\/haberbesiktas.tr\/index.php?rest_route=%2Fwp%2Fv2%2Fcategories&post=26463"},{"taxonomy":"post_tag","embeddable":true,"href":"https:\/\/haberbesiktas.tr\/index.php?rest_route=%2Fwp%2Fv2%2Ftags&post=26463"}],"curies":[{"name":"wp","href":"https:\/\/api.w.org\/{rel}","templated":true}]}}