{"id":26478,"date":"2025-05-04T11:48:14","date_gmt":"2025-05-04T11:48:14","guid":{"rendered":"https:\/\/haberbesiktas.tr\/?p=26478"},"modified":"2025-05-04T11:48:14","modified_gmt":"2025-05-04T11:48:14","slug":"fenerbahcede-yine-ayni-sakatlik","status":"publish","type":"post","link":"https:\/\/haberbesiktas.tr\/?p=26478","title":{"rendered":"Fenerbah\u00e7e&#8217;de yine ayn\u0131 sakatl\u0131k!"},"content":{"rendered":"<div>Fenerbah\u00e7e&#8217;yi stoper mevkiinde sakatl\u0131klar yakas\u0131n\u0131 b\u0131rakm\u0131yor. D\u00f6nem ba\u015f\u0131nda Rodrigo Becao ve Jayden Oosterwolde&#8217;yi yak\u0131n vakitte ise yeni transfer Diego Carlos&#8217;u kaybeden sar\u0131-lacivertlilerde son olarak Rangers kar\u015f\u0131la\u015fmas\u0131nda \u00c7a\u011flar S\u00f6y\u00fcnc\u00fc sakatland\u0131.<\/p>\n<p><strong>\u00c7A\u011eLAR DEVAM EDEMED\u0130<\/strong><\/p>\n<p> Gol an\u0131nda topu \u00e7izgiden \u00e7\u0131karmaya \u00e7al\u0131\u015f\u0131rken talihsizlik ya\u015fayan ulusal stopere saha i\u00e7inde tedavi uyguland\u0131 fakat bir m\u00fcddet kendini denese de devam edemedi. B\u00f6ylece \u00c7a\u011flar, bu d\u00f6nem 5&#8217;inci kere revirlik oldu.<\/p>\n<p> Sar\u0131-lacivertlilerde, Alexander Djiku ve Yusuf Ak\u00e7i\u00e7ek kupadaki Erzurumspor ma\u00e7\u0131nda, teknik y\u00f6netici Jose Mourinho&#8217;nun savunma \u00e7izgisinde kulland\u0131\u011f\u0131 Levent Mercan da antrenmanda sakatl\u0131k ya\u015fam\u0131\u015ft\u0131.<\/p>\n<p><strong>SADECE SKRINIAR SORUN YA\u015eAMADI<\/strong><\/p>\n<p> Fenerbah\u00e7e&#8217;de 2024-2025&#8217;te stoper \u00e7izgisinde 6 futbolcu sakata geldi. Tak\u0131mda yaln\u0131zca yeni transfer Milan Skriniar rastgele bir sorun ya\u015famad\u0131. Fenerbah\u00e7e&#8217;de d\u00f6nem ba\u015f\u0131ndan beri tam 19 farkl\u0131 futbolcu, 37 kere sakatland\u0131.<\/p>\n<\/div>\n<p><\/p>\n","protected":false},"excerpt":{"rendered":"<p>Fenerbah\u00e7e&#8217;de \u00c7a\u011flar S\u00f6y\u00fcnc\u00fc, Rangers ma\u00e7\u0131n\u0131 yar\u0131da b\u0131rakt\u0131. Bu d\u00f6nem savunma tandeminde 6 isim sorun ya\u015farken yaln\u0131zca Milan Skriniar sa\u011flam \u00e7\u0131kt\u0131.<\/p>\n","protected":false},"author":1,"featured_media":26479,"comment_status":"open","ping_status":"open","sticky":false,"template":"","format":"standard","meta":{"footnotes":""},"categories":[25],"tags":[],"class_list":["post-26478","post","type-post","status-publish","format-standard","has-post-thumbnail","hentry","category-futbol"],"_links":{"self":[{"href":"https:\/\/haberbesiktas.tr\/index.php?rest_route=\/wp\/v2\/posts\/26478","targetHints":{"allow":["GET"]}}],"collection":[{"href":"https:\/\/haberbesiktas.tr\/index.php?rest_route=\/wp\/v2\/posts"}],"about":[{"href":"https:\/\/haberbesiktas.tr\/index.php?rest_route=\/wp\/v2\/types\/post"}],"author":[{"embeddable":true,"href":"https:\/\/haberbesiktas.tr\/index.php?rest_route=\/wp\/v2\/users\/1"}],"replies":[{"embeddable":true,"href":"https:\/\/haberbesiktas.tr\/index.php?rest_route=%2Fwp%2Fv2%2Fcomments&post=26478"}],"version-history":[{"count":1,"href":"https:\/\/haberbesiktas.tr\/index.php?rest_route=\/wp\/v2\/posts\/26478\/revisions"}],"predecessor-version":[{"id":26480,"href":"https:\/\/haberbesiktas.tr\/index.php?rest_route=\/wp\/v2\/posts\/26478\/revisions\/26480"}],"wp:featuredmedia":[{"embeddable":true,"href":"https:\/\/haberbesiktas.tr\/index.php?rest_route=\/wp\/v2\/media\/26479"}],"wp:attachment":[{"href":"https:\/\/haberbesiktas.tr\/index.php?rest_route=%2Fwp%2Fv2%2Fmedia&parent=26478"}],"wp:term":[{"taxonomy":"category","embeddable":true,"href":"https:\/\/haberbesiktas.tr\/index.php?rest_route=%2Fwp%2Fv2%2Fcategories&post=26478"},{"taxonomy":"post_tag","embeddable":true,"href":"https:\/\/haberbesiktas.tr\/index.php?rest_route=%2Fwp%2Fv2%2Ftags&post=26478"}],"curies":[{"name":"wp","href":"https:\/\/api.w.org\/{rel}","templated":true}]}}