{"id":26481,"date":"2025-05-04T12:00:14","date_gmt":"2025-05-04T12:00:14","guid":{"rendered":"https:\/\/haberbesiktas.tr\/?p=26481"},"modified":"2025-05-04T12:00:14","modified_gmt":"2025-05-04T12:00:14","slug":"galatasarayda-30-milyon-euroluk-pismanlik","status":"publish","type":"post","link":"https:\/\/haberbesiktas.tr\/?p=26481","title":{"rendered":"Galatasaray&#8217;da 30 milyon euro&#8217;luk pi\u015fmanl\u0131k!"},"content":{"rendered":"<div>Galatasaray, yaz ve orta transfer devrinde gelece\u011fe y\u00f6nelik ataklar yapmaya \u00e7al\u0131\u015ft\u0131 lakin meskendeki hesap \u00e7ar\u015f\u0131ya uymad\u0131. Bilhassa savunmaya ger\u00e7ekle\u015ftirilen destekler yarar vermezken maliyetleri de dudak u\u00e7uklatt\u0131. \u0130\u015fte ayr\u0131nt\u0131lar&#8230;<\/p>\n<p> 1- Kopenhag&#8217;dan 9 milyon Euro bonservisle gelen Elias Jelert, performans\u0131yla s\u0131n\u0131fta kald\u0131. Danimarkal\u0131 sa\u011f bekin yetersiz kalmas\u0131 \u00fczerine \u015fubat ay\u0131nda Frankowski transfer edildi.<\/p>\n<p> 2- Derrick K\u00f6hn yerine tercih edilen Ismail Jakobs&#8217;un, 1 milyon Euro kiralama bedeline d\u00f6nem sonu 8 milyon Euro&#8217;luk mecbur\u00ee sat\u0131n alma opsiyonu eklenecek. Senegalli ismin sakatl\u0131k sorunu ge\u00e7medi\u011fi i\u00e7in orta transferin son g\u00fcn\u00fc Eren Elmal\u0131 geldi.<\/p>\n<p> 3-Jelert ve Jakobs&#8217;tan sonra Carlos Cuesta beklenen katk\u0131y\u0131 sa\u011flayamad\u0131. Bonservisine 8 milyon Euro \u00f6denen Kolombiyal\u0131 stoper, Kas\u0131mpa\u015fa ma\u00e7\u0131nda yapt\u0131rd\u0131\u011f\u0131 penalt\u0131yla puan kayb\u0131na sebep oldu.<\/p>\n<p> 4- Galatasaray bu d\u00f6nem kiralama, bonservis, sat\u0131n alma opsiyonu ve garanti fiyatlar\u0131yla birlikte 30 milyon Euro yat\u0131r\u0131m yapt\u0131\u011f\u0131 Elias Jelert\u0130smail Jakobs-Carlos Cuesta \u00fc\u00e7l\u00fcs\u00fcnde b\u00fcy\u00fck bir hayal k\u0131r\u0131kl\u0131\u011f\u0131 ya\u015fad\u0131.<\/p>\n<p> <strong>JAKOBS&#8217;TAN PAYLA\u015eIM<\/strong><\/p>\n<p> Sakatl\u0131\u011f\u0131 nedeniyle bir m\u00fcddettir ekipten ba\u015fka kalan Ismail Jakobs, toplumsal medyadan bir payla\u015f\u0131m yapt\u0131.<\/p>\n<p> Jakobs&#8217;un payla\u015f\u0131m\u0131 \u015fu formda:<\/p>\n<p> <strong>&#8220;Ki\u015fisel olarak toplumsal medyada konu\u015fmay\u0131 sevmiyorum lakin bir \u015feyler s\u00f6ylemenin vakti geldi\u011fini hissediyorum. Sakatl\u0131\u011f\u0131m nedeniyle herkesten daha fazla \u00fczg\u00fcn\u00fcm, fakat her g\u00fcn, sonunda geri d\u00f6n\u00fcp sava\u015fmak ve bu inan\u0131lmaz kul\u00fcp i\u00e7in her \u015feyimi vermek ismine \u00e7ok \u00e7al\u0131\u015f\u0131yorum. Her ge\u00e7en g\u00fcn, bir ad\u0131m daha yakla\u015f\u0131yorum. Beni destekleyen ve bana inanan herkese te\u015fekk\u00fcr ederim. Her vakit inanmayanlar olacak, lakin biz onlara yan\u0131ld\u0131klar\u0131n\u0131 kan\u0131tlayaca\u011f\u0131z.&#8221;<\/p>\n<p>%%EMBEDVIDEO_85170%<br \/><\/strong><\/p>\n<\/div>\n<p><\/p>\n","protected":false},"excerpt":{"rendered":"<p>Galatasaray&#8217;da maliyetleri 30 milyon euro&#8217;yu bulan Elias Jelert, Carlos Cuesta ve Ismail Jakobs&#8217;un performanslar\u0131 b\u00fcy\u00fck hayal k\u0131r\u0131kl\u0131\u011f\u0131 yaratt\u0131.<\/p>\n","protected":false},"author":1,"featured_media":26482,"comment_status":"open","ping_status":"open","sticky":false,"template":"","format":"standard","meta":{"footnotes":""},"categories":[25],"tags":[131],"class_list":["post-26481","post","type-post","status-publish","format-standard","has-post-thumbnail","hentry","category-futbol","tag-milyon-euro"],"_links":{"self":[{"href":"https:\/\/haberbesiktas.tr\/index.php?rest_route=\/wp\/v2\/posts\/26481","targetHints":{"allow":["GET"]}}],"collection":[{"href":"https:\/\/haberbesiktas.tr\/index.php?rest_route=\/wp\/v2\/posts"}],"about":[{"href":"https:\/\/haberbesiktas.tr\/index.php?rest_route=\/wp\/v2\/types\/post"}],"author":[{"embeddable":true,"href":"https:\/\/haberbesiktas.tr\/index.php?rest_route=\/wp\/v2\/users\/1"}],"replies":[{"embeddable":true,"href":"https:\/\/haberbesiktas.tr\/index.php?rest_route=%2Fwp%2Fv2%2Fcomments&post=26481"}],"version-history":[{"count":1,"href":"https:\/\/haberbesiktas.tr\/index.php?rest_route=\/wp\/v2\/posts\/26481\/revisions"}],"predecessor-version":[{"id":26483,"href":"https:\/\/haberbesiktas.tr\/index.php?rest_route=\/wp\/v2\/posts\/26481\/revisions\/26483"}],"wp:featuredmedia":[{"embeddable":true,"href":"https:\/\/haberbesiktas.tr\/index.php?rest_route=\/wp\/v2\/media\/26482"}],"wp:attachment":[{"href":"https:\/\/haberbesiktas.tr\/index.php?rest_route=%2Fwp%2Fv2%2Fmedia&parent=26481"}],"wp:term":[{"taxonomy":"category","embeddable":true,"href":"https:\/\/haberbesiktas.tr\/index.php?rest_route=%2Fwp%2Fv2%2Fcategories&post=26481"},{"taxonomy":"post_tag","embeddable":true,"href":"https:\/\/haberbesiktas.tr\/index.php?rest_route=%2Fwp%2Fv2%2Ftags&post=26481"}],"curies":[{"name":"wp","href":"https:\/\/api.w.org\/{rel}","templated":true}]}}