{"id":26487,"date":"2025-05-04T12:24:13","date_gmt":"2025-05-04T12:24:13","guid":{"rendered":"https:\/\/haberbesiktas.tr\/?p=26487"},"modified":"2025-05-04T12:24:13","modified_gmt":"2025-05-04T12:24:13","slug":"besiktasta-ersin-destanoglundan-veda-plani","status":"publish","type":"post","link":"https:\/\/haberbesiktas.tr\/?p=26487","title":{"rendered":"Be\u015fikta\u015f&#8217;ta Ersin Destano\u011flu&#8217;ndan veda plan\u0131!"},"content":{"rendered":"<div>\n<p>Be\u015fikta\u015f&#8217;\u0131n gen\u00e7 file bek\u00e7isi Ersin Destano\u011flu, gelece\u011fi hakk\u0131nda karar\u0131n\u0131 verdi.<\/p>\n<p> Bu sezon S\u00fcper Lig, Avrupa Ligi ve T\u00fcrkiye Kupas\u0131&#8217;nda yaln\u0131zca 6 ma\u00e7a \u00e7\u0131kabilen Ersin Derstano\u011flu, d\u00f6nem sonunda Be\u015fikta\u015f&#8217;tan ayr\u0131lmaya haz\u0131rlan\u0131yor.<\/p>\n<p><strong>AVRUPA&#8217;YA G\u0130TMEK \u0130ST\u0130YOR<\/strong><\/p>\n<p> 24 ya\u015f\u0131ndaki kalecinin yedek kalmas\u0131ndan \u00f6t\u00fcr\u00fc mutsuz oldu\u011fu ve menajerine &#8216;kul\u00fcp bul&#8217; talimat\u0131 verdi\u011fi \u00f6\u011frenildi. Ersin, Avrupa&#8217;dan bir ekibe gitmek istiyor.\u00a0<\/p>\n<div>\u00a0<\/div>\n<\/div>\n<p><\/p>\n","protected":false},"excerpt":{"rendered":"<p>Be\u015fikta\u015f&#8217;\u0131n 24 ya\u015f\u0131ndaki kalecisi Ersin Destano\u011flu, d\u00f6nem sonu kul\u00fcpten ayr\u0131lmay\u0131 planl\u0131yor.<\/p>\n","protected":false},"author":1,"featured_media":26488,"comment_status":"open","ping_status":"open","sticky":false,"template":"","format":"standard","meta":{"footnotes":""},"categories":[25],"tags":[],"class_list":["post-26487","post","type-post","status-publish","format-standard","has-post-thumbnail","hentry","category-futbol"],"_links":{"self":[{"href":"https:\/\/haberbesiktas.tr\/index.php?rest_route=\/wp\/v2\/posts\/26487","targetHints":{"allow":["GET"]}}],"collection":[{"href":"https:\/\/haberbesiktas.tr\/index.php?rest_route=\/wp\/v2\/posts"}],"about":[{"href":"https:\/\/haberbesiktas.tr\/index.php?rest_route=\/wp\/v2\/types\/post"}],"author":[{"embeddable":true,"href":"https:\/\/haberbesiktas.tr\/index.php?rest_route=\/wp\/v2\/users\/1"}],"replies":[{"embeddable":true,"href":"https:\/\/haberbesiktas.tr\/index.php?rest_route=%2Fwp%2Fv2%2Fcomments&post=26487"}],"version-history":[{"count":1,"href":"https:\/\/haberbesiktas.tr\/index.php?rest_route=\/wp\/v2\/posts\/26487\/revisions"}],"predecessor-version":[{"id":26489,"href":"https:\/\/haberbesiktas.tr\/index.php?rest_route=\/wp\/v2\/posts\/26487\/revisions\/26489"}],"wp:featuredmedia":[{"embeddable":true,"href":"https:\/\/haberbesiktas.tr\/index.php?rest_route=\/wp\/v2\/media\/26488"}],"wp:attachment":[{"href":"https:\/\/haberbesiktas.tr\/index.php?rest_route=%2Fwp%2Fv2%2Fmedia&parent=26487"}],"wp:term":[{"taxonomy":"category","embeddable":true,"href":"https:\/\/haberbesiktas.tr\/index.php?rest_route=%2Fwp%2Fv2%2Fcategories&post=26487"},{"taxonomy":"post_tag","embeddable":true,"href":"https:\/\/haberbesiktas.tr\/index.php?rest_route=%2Fwp%2Fv2%2Ftags&post=26487"}],"curies":[{"name":"wp","href":"https:\/\/api.w.org\/{rel}","templated":true}]}}