{"id":26490,"date":"2025-05-04T12:48:14","date_gmt":"2025-05-04T12:48:14","guid":{"rendered":"https:\/\/haberbesiktas.tr\/?p=26490"},"modified":"2025-05-04T12:48:14","modified_gmt":"2025-05-04T12:48:14","slug":"ciro-immobileden-gol-sozu","status":"publish","type":"post","link":"https:\/\/haberbesiktas.tr\/?p=26490","title":{"rendered":"Ciro Immobile&#8217;den gol s\u00f6z\u00fc!"},"content":{"rendered":"<div>\n<p>Sezona f\u0131rt\u0131na \u00fczere ba\u015flayan fakat sonras\u0131nda duraklama devrine giren Ciro \u0130mmobile, son gol\u00fcn\u00fc 11 Ocak&#8217;taki Bodrum FK m\u00fcsabakas\u0131nda kaydetti.\u00a0<\/p>\n<p> \u0130talyan y\u0131ld\u0131z, sonras\u0131nda vazife yapt\u0131\u011f\u0131 6 lig m\u00fcsabakas\u0131nda da gol sevinci ya\u015fayamad\u0131.<\/p>\n<p> <strong>GOL KELAMI VERD\u0130\u00a0<\/strong><\/p>\n<p> Ciro, 10 Mart Pazartesi g\u00fcn\u00fc oynanacak olan Gaziantep FK ma\u00e7\u0131nda gol kelam\u0131 verdi.<\/p>\n<p> <strong>PERFORMANSI<\/strong><\/p>\n<p> Bu d\u00f6nem siyah beyazl\u0131 forma ile 31 ma\u00e7a \u00e7\u0131kan deneyimli santrfor 14 gol 3 asistlik performans sergiledi.\u00a0<\/p>\n<div>\u00a0<\/div>\n<\/div>\n<p><\/p>\n","protected":false},"excerpt":{"rendered":"<p>Be\u015fikta\u015f&#8217;\u0131n \u0130talyan forveti Ciro Immobile, Gaziantep FK kar\u015f\u0131s\u0131nda gol kelam\u0131 verdi.<\/p>\n","protected":false},"author":1,"featured_media":26491,"comment_status":"open","ping_status":"open","sticky":false,"template":"","format":"standard","meta":{"footnotes":""},"categories":[25],"tags":[77],"class_list":["post-26490","post","type-post","status-publish","format-standard","has-post-thumbnail","hentry","category-futbol","tag-gol"],"_links":{"self":[{"href":"https:\/\/haberbesiktas.tr\/index.php?rest_route=\/wp\/v2\/posts\/26490","targetHints":{"allow":["GET"]}}],"collection":[{"href":"https:\/\/haberbesiktas.tr\/index.php?rest_route=\/wp\/v2\/posts"}],"about":[{"href":"https:\/\/haberbesiktas.tr\/index.php?rest_route=\/wp\/v2\/types\/post"}],"author":[{"embeddable":true,"href":"https:\/\/haberbesiktas.tr\/index.php?rest_route=\/wp\/v2\/users\/1"}],"replies":[{"embeddable":true,"href":"https:\/\/haberbesiktas.tr\/index.php?rest_route=%2Fwp%2Fv2%2Fcomments&post=26490"}],"version-history":[{"count":1,"href":"https:\/\/haberbesiktas.tr\/index.php?rest_route=\/wp\/v2\/posts\/26490\/revisions"}],"predecessor-version":[{"id":26492,"href":"https:\/\/haberbesiktas.tr\/index.php?rest_route=\/wp\/v2\/posts\/26490\/revisions\/26492"}],"wp:featuredmedia":[{"embeddable":true,"href":"https:\/\/haberbesiktas.tr\/index.php?rest_route=\/wp\/v2\/media\/26491"}],"wp:attachment":[{"href":"https:\/\/haberbesiktas.tr\/index.php?rest_route=%2Fwp%2Fv2%2Fmedia&parent=26490"}],"wp:term":[{"taxonomy":"category","embeddable":true,"href":"https:\/\/haberbesiktas.tr\/index.php?rest_route=%2Fwp%2Fv2%2Fcategories&post=26490"},{"taxonomy":"post_tag","embeddable":true,"href":"https:\/\/haberbesiktas.tr\/index.php?rest_route=%2Fwp%2Fv2%2Ftags&post=26490"}],"curies":[{"name":"wp","href":"https:\/\/api.w.org\/{rel}","templated":true}]}}