{"id":26510,"date":"2025-05-04T14:24:14","date_gmt":"2025-05-04T14:24:14","guid":{"rendered":"https:\/\/haberbesiktas.tr\/?p=26510"},"modified":"2025-05-04T14:24:14","modified_gmt":"2025-05-04T14:24:14","slug":"inaki-penadan-gelecegi-icin-karar","status":"publish","type":"post","link":"https:\/\/haberbesiktas.tr\/?p=26510","title":{"rendered":"Inaki Pena&#8217;dan gelece\u011fi i\u00e7in karar!"},"content":{"rendered":"<div>Barcelona formas\u0131 giyen ve Galatasaray&#8217;\u0131n g\u00fcndemine gelen Inaki Pena, gelece\u011fiyle ilgili karar\u0131n\u0131 verdi.<\/p>\n<p> Mundo Deportivo&#8217;da yer alan habere nazaran, Barcelona&#8217;da Wojciech Szczesny&#8217;nin performans\u0131n\u0131n akabinde Inaki Pena \u015fu anda \u00fc\u00e7\u00fcnc\u00fc kaleci pozisyonunda yer al\u0131yor.<\/p>\n<p><strong>GALATASARAY DEVREDE<\/strong><\/p>\n<p> Pena&#8217;n\u0131n durumunun bir\u00e7ok Avrupa grubu taraf\u0131ndan takip edildi\u011fi ve bu kadrolardan birinin de 26 ya\u015f\u0131ndaki kalecinin daha evvel kiral\u0131k olarak forma giydi\u011fi Galatasaray oldu\u011fu aktar\u0131ld\u0131.<\/p>\n<p><strong>AYRILIK F\u0130KR\u0130 YOK<\/strong><\/p>\n<p> Pena&#8217;n\u0131n ise \u00fc\u00e7\u00fcnc\u00fc kaleci olmas\u0131 ve Avrupa&#8217;dan gelen \u00e7e\u015fitli ilgilere kar\u015f\u0131n \u015fu anda Barcelona&#8217;dan ayr\u0131lmay\u0131 d\u00fc\u015f\u00fcnmedi\u011fi yaz\u0131ld\u0131.<\/p>\n<p><strong>BARCELONA \u0130LE S\u00d6ZLE\u015eMES\u0130<\/strong><\/p>\n<p> \u015eimdiki piyasa pahas\u0131 10 milyon euro olarak g\u00f6sterilen Inaki Pena&#8217;n\u0131n Barcelona ile mukavelesi 2026 y\u0131l\u0131na kadar devam ediyor. \u0130spanyol bas\u0131n\u0131ndaki haberde, kul\u00fcb\u00fcn, Pena ile yeni kontrat i\u00e7in de \u015fu anda temasa ge\u00e7medi\u011fi tabir edildi.<\/p>\n<p> Inaki Pena, daha evvel 2021-2022 d\u00f6nemin ikinci yar\u0131s\u0131nda Galatasaray&#8217;da kiral\u0131k olarak forma giymi\u015f ve sar\u0131-k\u0131rm\u0131z\u0131l\u0131lar\u0131n kalesini 8 ma\u00e7ta korumu\u015ftu.<\/p>\n<\/div>\n<p><\/p>\n","protected":false},"excerpt":{"rendered":"<p>Galatasaray&#8217;\u0131n g\u00fcndemine gelen Inaki Pena, \u015fu anda Barcelona&#8217;dan ayr\u0131lmay\u0131 d\u00fc\u015f\u00fcnm\u00fcyor.<\/p>\n","protected":false},"author":1,"featured_media":26511,"comment_status":"open","ping_status":"open","sticky":false,"template":"","format":"standard","meta":{"footnotes":""},"categories":[25],"tags":[307,2340],"class_list":["post-26510","post","type-post","status-publish","format-standard","has-post-thumbnail","hentry","category-futbol","tag-barcelona","tag-pena"],"_links":{"self":[{"href":"https:\/\/haberbesiktas.tr\/index.php?rest_route=\/wp\/v2\/posts\/26510","targetHints":{"allow":["GET"]}}],"collection":[{"href":"https:\/\/haberbesiktas.tr\/index.php?rest_route=\/wp\/v2\/posts"}],"about":[{"href":"https:\/\/haberbesiktas.tr\/index.php?rest_route=\/wp\/v2\/types\/post"}],"author":[{"embeddable":true,"href":"https:\/\/haberbesiktas.tr\/index.php?rest_route=\/wp\/v2\/users\/1"}],"replies":[{"embeddable":true,"href":"https:\/\/haberbesiktas.tr\/index.php?rest_route=%2Fwp%2Fv2%2Fcomments&post=26510"}],"version-history":[{"count":1,"href":"https:\/\/haberbesiktas.tr\/index.php?rest_route=\/wp\/v2\/posts\/26510\/revisions"}],"predecessor-version":[{"id":26512,"href":"https:\/\/haberbesiktas.tr\/index.php?rest_route=\/wp\/v2\/posts\/26510\/revisions\/26512"}],"wp:featuredmedia":[{"embeddable":true,"href":"https:\/\/haberbesiktas.tr\/index.php?rest_route=\/wp\/v2\/media\/26511"}],"wp:attachment":[{"href":"https:\/\/haberbesiktas.tr\/index.php?rest_route=%2Fwp%2Fv2%2Fmedia&parent=26510"}],"wp:term":[{"taxonomy":"category","embeddable":true,"href":"https:\/\/haberbesiktas.tr\/index.php?rest_route=%2Fwp%2Fv2%2Fcategories&post=26510"},{"taxonomy":"post_tag","embeddable":true,"href":"https:\/\/haberbesiktas.tr\/index.php?rest_route=%2Fwp%2Fv2%2Ftags&post=26510"}],"curies":[{"name":"wp","href":"https:\/\/api.w.org\/{rel}","templated":true}]}}