{"id":26516,"date":"2025-05-04T14:48:17","date_gmt":"2025-05-04T14:48:17","guid":{"rendered":"https:\/\/haberbesiktas.tr\/?p=26516"},"modified":"2025-05-04T14:48:17","modified_gmt":"2025-05-04T14:48:17","slug":"galatasarayda-yeniden-cift-forvet","status":"publish","type":"post","link":"https:\/\/haberbesiktas.tr\/?p=26516","title":{"rendered":"Galatasaray&#8217;da yeniden \u00e7ift forvet!"},"content":{"rendered":"<div>Son haftalarda istedi\u011fi sonu\u00e7lar\u0131 alamayan Galatasaray&#8217;da Ismail Jakobs d\u0131\u015f\u0131nda sakat bir ismin kalmamas\u0131 teknik heyeti sevindiriyor. Sol bekte de Eren Elmal\u0131&#8217;n\u0131n g\u00f6sterdi\u011fi performans\u0131 k\u00e2fi bulan teknik heyet, Alanya ma\u00e7\u0131nda ekibi istedi\u011fi \u00fczere alana s\u00fcrebilecek.<\/p>\n<p> <strong>MORATA \u0130LE \u00c7\u0130FT FORVET<\/strong><\/p>\n<p> D\u00f6nemin en fla\u015f ismi olan ve alanda ayak basmad\u0131k yer b\u0131rakmayan Victor Osimhen&#8217;in eforunun yaln\u0131z kald\u0131\u011f\u0131n\u0131 d\u00fc\u015f\u00fcnen Okan Buruk, ba\u015far\u0131l\u0131 bir tedavi s\u00fcrecini geride b\u0131rak\u0131p grup arkada\u015flar\u0131na kat\u0131lan Alvaro Morata&#8217;y\u0131 birinci 11&#8217;e yerle\u015ftirecek. B\u00f6ylelikle d\u00f6nem ba\u015f\u0131nda Mauro Icardi sakatlanmadan evvel oldu\u011fu \u00fczere sar\u0131-k\u0131rm\u0131z\u0131l\u0131lar tekrar kal\u0131c\u0131 olarak \u00e7ift forvete d\u00f6n\u00fc\u015f yapm\u0131\u015f olacak. Att\u0131\u011f\u0131 gollerle grubunu s\u0131rtlayan Osimhen&#8217;den daha fazla rand\u0131man almay\u0131 planlayan teknik y\u00f6netici Okan Buruk, kanat oyuncular\u0131na da nefes ald\u0131racak.<\/p>\n<p> Savunmada Davinson Sanchez ve Abd\u00fclkerim Bardakc\u0131&#8217;dan vazge\u00e7meyecek olan sar\u0131-k\u0131rm\u0131z\u0131l\u0131larda geldi\u011fi g\u00fcnden beri b\u00fcy\u00fck fark yaratan Mario Lemina&#8217;n\u0131n da yeniden alana birinci 11&#8217;de \u00e7\u0131kmas\u0131 bekleniyor. Antalya kamp\u0131nda t\u00fcm \u00e7al\u0131\u015fmalar \u00e7ift forvet \u00fczerine yap\u0131lacak.<\/p>\n<\/div>\n<p><\/p>\n","protected":false},"excerpt":{"rendered":"<p>Galatasaray Teknik Y\u00f6neticisi Okan Buruk, Alvaro Morata&#8217;n\u0131n g\u00fczelle\u015fmesiyle Alanyaspor ma\u00e7\u0131nda \u00e7ift forvete d\u00f6necek.<\/p>\n","protected":false},"author":1,"featured_media":26517,"comment_status":"open","ping_status":"open","sticky":false,"template":"","format":"standard","meta":{"footnotes":""},"categories":[25],"tags":[],"class_list":["post-26516","post","type-post","status-publish","format-standard","has-post-thumbnail","hentry","category-futbol"],"_links":{"self":[{"href":"https:\/\/haberbesiktas.tr\/index.php?rest_route=\/wp\/v2\/posts\/26516","targetHints":{"allow":["GET"]}}],"collection":[{"href":"https:\/\/haberbesiktas.tr\/index.php?rest_route=\/wp\/v2\/posts"}],"about":[{"href":"https:\/\/haberbesiktas.tr\/index.php?rest_route=\/wp\/v2\/types\/post"}],"author":[{"embeddable":true,"href":"https:\/\/haberbesiktas.tr\/index.php?rest_route=\/wp\/v2\/users\/1"}],"replies":[{"embeddable":true,"href":"https:\/\/haberbesiktas.tr\/index.php?rest_route=%2Fwp%2Fv2%2Fcomments&post=26516"}],"version-history":[{"count":1,"href":"https:\/\/haberbesiktas.tr\/index.php?rest_route=\/wp\/v2\/posts\/26516\/revisions"}],"predecessor-version":[{"id":26518,"href":"https:\/\/haberbesiktas.tr\/index.php?rest_route=\/wp\/v2\/posts\/26516\/revisions\/26518"}],"wp:featuredmedia":[{"embeddable":true,"href":"https:\/\/haberbesiktas.tr\/index.php?rest_route=\/wp\/v2\/media\/26517"}],"wp:attachment":[{"href":"https:\/\/haberbesiktas.tr\/index.php?rest_route=%2Fwp%2Fv2%2Fmedia&parent=26516"}],"wp:term":[{"taxonomy":"category","embeddable":true,"href":"https:\/\/haberbesiktas.tr\/index.php?rest_route=%2Fwp%2Fv2%2Fcategories&post=26516"},{"taxonomy":"post_tag","embeddable":true,"href":"https:\/\/haberbesiktas.tr\/index.php?rest_route=%2Fwp%2Fv2%2Ftags&post=26516"}],"curies":[{"name":"wp","href":"https:\/\/api.w.org\/{rel}","templated":true}]}}