{"id":26556,"date":"2025-05-04T17:36:16","date_gmt":"2025-05-04T17:36:16","guid":{"rendered":"https:\/\/haberbesiktas.tr\/?p=26556"},"modified":"2025-05-04T17:36:16","modified_gmt":"2025-05-04T17:36:16","slug":"galatasarayda-kader-fiksturu","status":"publish","type":"post","link":"https:\/\/haberbesiktas.tr\/?p=26556","title":{"rendered":"Galatasaray&#8217;da kader fikst\u00fcr\u00fc!"},"content":{"rendered":"<div>S\u00fcper Lig&#8217;de Kas\u0131mpa\u015fa ma\u00e7\u0131yla birlikte g\u00fc\u00e7l\u00fc bir d\u00f6neme giren Galatasaray&#8217;\u0131n kupadaki Fenerbah\u00e7e e\u015fle\u015fmesiyle fikst\u00fcr\u00fc g\u00fczelce zorla\u015ft\u0131.<\/p>\n<p> Son derece kritik bir deplasman fikst\u00fcr\u00fcne giren Galatasaray, serinin birinci haftas\u0131nda Kas\u0131mpa\u015fa&#8217;ya kar\u015f\u0131 2 puan kaybetti.<\/p>\n<p> Pazar g\u00fcn\u00fc Alanyaspor&#8217;a konuk olacak Okan Buruk&#8217;un tak\u0131m\u0131, bu s\u00fcre\u00e7te yaln\u0131zca Antalyaspor&#8217;u meskeninde a\u011f\u0131rlayacak.<\/p>\n<p> Bu ma\u00e7\u0131n akabinde Galatasaray&#8217;\u0131 yaln\u0131zca 3 g\u00fcn i\u00e7erisinde Be\u015fikta\u015f (lig) ve Fenerbah\u00e7e (kupa) deplasmanlar\u0131 bekliyor. Fenerbah\u00e7e derbisi sonras\u0131 BAY ge\u00e7ecek olan sar\u0131-k\u0131rm\u0131z\u0131l\u0131lar, 13 Nisan haftas\u0131nda Samsunspor deplasman\u0131yla g\u00fc\u00e7l\u00fc viraj\u0131 bitirecek.<\/p>\n<\/div>\n<p><\/p>\n","protected":false},"excerpt":{"rendered":"<p>Kupada Fenerbah\u00e7e ile e\u015fle\u015fen Galatasaray, son derece kritik bir fikst\u00fcre girdi.<\/p>\n","protected":false},"author":1,"featured_media":26557,"comment_status":"open","ping_status":"open","sticky":false,"template":"","format":"standard","meta":{"footnotes":""},"categories":[25],"tags":[],"class_list":["post-26556","post","type-post","status-publish","format-standard","has-post-thumbnail","hentry","category-futbol"],"_links":{"self":[{"href":"https:\/\/haberbesiktas.tr\/index.php?rest_route=\/wp\/v2\/posts\/26556","targetHints":{"allow":["GET"]}}],"collection":[{"href":"https:\/\/haberbesiktas.tr\/index.php?rest_route=\/wp\/v2\/posts"}],"about":[{"href":"https:\/\/haberbesiktas.tr\/index.php?rest_route=\/wp\/v2\/types\/post"}],"author":[{"embeddable":true,"href":"https:\/\/haberbesiktas.tr\/index.php?rest_route=\/wp\/v2\/users\/1"}],"replies":[{"embeddable":true,"href":"https:\/\/haberbesiktas.tr\/index.php?rest_route=%2Fwp%2Fv2%2Fcomments&post=26556"}],"version-history":[{"count":1,"href":"https:\/\/haberbesiktas.tr\/index.php?rest_route=\/wp\/v2\/posts\/26556\/revisions"}],"predecessor-version":[{"id":26558,"href":"https:\/\/haberbesiktas.tr\/index.php?rest_route=\/wp\/v2\/posts\/26556\/revisions\/26558"}],"wp:featuredmedia":[{"embeddable":true,"href":"https:\/\/haberbesiktas.tr\/index.php?rest_route=\/wp\/v2\/media\/26557"}],"wp:attachment":[{"href":"https:\/\/haberbesiktas.tr\/index.php?rest_route=%2Fwp%2Fv2%2Fmedia&parent=26556"}],"wp:term":[{"taxonomy":"category","embeddable":true,"href":"https:\/\/haberbesiktas.tr\/index.php?rest_route=%2Fwp%2Fv2%2Fcategories&post=26556"},{"taxonomy":"post_tag","embeddable":true,"href":"https:\/\/haberbesiktas.tr\/index.php?rest_route=%2Fwp%2Fv2%2Ftags&post=26556"}],"curies":[{"name":"wp","href":"https:\/\/api.w.org\/{rel}","templated":true}]}}