{"id":26565,"date":"2025-05-04T18:12:15","date_gmt":"2025-05-04T18:12:15","guid":{"rendered":"https:\/\/haberbesiktas.tr\/?p=26565"},"modified":"2025-05-04T18:12:15","modified_gmt":"2025-05-04T18:12:15","slug":"besiktastan-gedson-icin-yuzde-50-operasyonu","status":"publish","type":"post","link":"https:\/\/haberbesiktas.tr\/?p=26565","title":{"rendered":"Be\u015fikta\u015f&#8217;tan Gedson i\u00e7in y\u00fczde 50 operasyonu!"},"content":{"rendered":"<div>Trendyol S\u00fcper Lig&#8217;de \u00e7\u0131k\u0131\u015f\u0131n\u0131 s\u00fcrd\u00fcren Be\u015fikta\u015f&#8217;ta s\u0131cak geli\u015fmeler ya\u015fan\u0131yor. Siyah-beyazl\u0131 grup, Portekizli y\u0131ld\u0131z Gedson Fernandes&#8217;in mukavelesine art\u0131r\u0131m yapt\u0131.<\/p>\n<p> <strong>SERDAL ADALI KELAMINI TUTTU<\/strong><\/p>\n<p> Be\u015fikta\u015f&#8217;ta vazifeye geldi\u011finde Gedson Fernandes&#8217;e maa\u015f art\u0131r\u0131m\u0131 yap\u0131laca\u011f\u0131n\u0131 a\u00e7\u0131klayan Lider Serdal Adal\u0131 verdi\u011fi kelam\u0131 tuttu. Taraflar ortas\u0131nda bir m\u00fcddettir devam eden g\u00f6r\u00fc\u015fmeler resmiyete kavu\u015ftu.<\/p>\n<p> <strong>5 YILLIK KONTRAT; 2 M\u0130LYON \u20ac MAA\u015e<\/strong><\/p>\n<p> Deneyimli futbolcunun, 2027 y\u0131l\u0131nda sona erecek kontrat\u0131 2030&#8217;a kadar uzat\u0131lt\u0131 ve maa\u015f\u0131 da 1.7 milyon Euro&#8217;dan 2 milyon Euro d\u00fczeylerine \u00e7\u0131kar\u0131ld\u0131.<\/p>\n<p> <strong>PAY VERMEDEN %50&#8217;S\u0130 DE GELECEK!<\/strong><\/p>\n<p> Orta transferde Gendson&#8217;a gelen 25 milyon Euro&#8217;luk teklifi Benfica&#8217;n\u0131n %50&#8217;l\u0131k hissesi nedeniyle geri \u00e7eviren siyah-beyazl\u0131lar, oyuncuyu iki d\u00f6nem da oynat\u0131rsa Portekiz grubuna hi\u00e7 hisse vermeden bonservis gelirinin tamam\u0131na sahip olacak.<\/p>\n<p> <strong>PERFORMANSI<\/strong><\/p>\n<p> Bu d\u00f6nem siyah beyazl\u0131 formayla 37 ma\u00e7ta vazife alan Gedson, 8 gol 1 asistlik performans sergiledi.<\/p>\n<\/div>\n<p><\/p>\n","protected":false},"excerpt":{"rendered":"<p>Be\u015fikta\u015f Kul\u00fcb\u00fc Lideri Serdal Adal\u0131, Gedson Fernandes&#8217;in menajeri ile g\u00f6r\u00fc\u015fme ger\u00e7ekle\u015ftirdi ve y\u0131ld\u0131z oyuncunun kontrat\u0131n\u0131 uzatt\u0131. \u0130\u015fte ayr\u0131nt\u0131lar&#8230;<\/p>\n","protected":false},"author":1,"featured_media":26566,"comment_status":"open","ping_status":"open","sticky":false,"template":"","format":"standard","meta":{"footnotes":""},"categories":[25],"tags":[],"class_list":["post-26565","post","type-post","status-publish","format-standard","has-post-thumbnail","hentry","category-futbol"],"_links":{"self":[{"href":"https:\/\/haberbesiktas.tr\/index.php?rest_route=\/wp\/v2\/posts\/26565","targetHints":{"allow":["GET"]}}],"collection":[{"href":"https:\/\/haberbesiktas.tr\/index.php?rest_route=\/wp\/v2\/posts"}],"about":[{"href":"https:\/\/haberbesiktas.tr\/index.php?rest_route=\/wp\/v2\/types\/post"}],"author":[{"embeddable":true,"href":"https:\/\/haberbesiktas.tr\/index.php?rest_route=\/wp\/v2\/users\/1"}],"replies":[{"embeddable":true,"href":"https:\/\/haberbesiktas.tr\/index.php?rest_route=%2Fwp%2Fv2%2Fcomments&post=26565"}],"version-history":[{"count":1,"href":"https:\/\/haberbesiktas.tr\/index.php?rest_route=\/wp\/v2\/posts\/26565\/revisions"}],"predecessor-version":[{"id":26567,"href":"https:\/\/haberbesiktas.tr\/index.php?rest_route=\/wp\/v2\/posts\/26565\/revisions\/26567"}],"wp:featuredmedia":[{"embeddable":true,"href":"https:\/\/haberbesiktas.tr\/index.php?rest_route=\/wp\/v2\/media\/26566"}],"wp:attachment":[{"href":"https:\/\/haberbesiktas.tr\/index.php?rest_route=%2Fwp%2Fv2%2Fmedia&parent=26565"}],"wp:term":[{"taxonomy":"category","embeddable":true,"href":"https:\/\/haberbesiktas.tr\/index.php?rest_route=%2Fwp%2Fv2%2Fcategories&post=26565"},{"taxonomy":"post_tag","embeddable":true,"href":"https:\/\/haberbesiktas.tr\/index.php?rest_route=%2Fwp%2Fv2%2Ftags&post=26565"}],"curies":[{"name":"wp","href":"https:\/\/api.w.org\/{rel}","templated":true}]}}