{"id":26568,"date":"2025-05-04T18:24:15","date_gmt":"2025-05-04T18:24:15","guid":{"rendered":"https:\/\/haberbesiktas.tr\/?p=26568"},"modified":"2025-05-04T18:24:15","modified_gmt":"2025-05-04T18:24:15","slug":"corum-fk-tuncay-sanli-ile-anlasti","status":"publish","type":"post","link":"https:\/\/haberbesiktas.tr\/?p=26568","title":{"rendered":"\u00c7orum FK, Tuncay \u015eanl\u0131 ile anla\u015ft\u0131"},"content":{"rendered":"<div>Trendyol 1. Lig gruplar\u0131ndan Ahlatc\u0131 \u00c7orum FK, teknik y\u00f6netici Tuncay Ulu ile anla\u015ft\u0131.<\/p>\n<p> Kul\u00fcpten yap\u0131lan yaz\u0131l\u0131 a\u00e7\u0131klamada, teknik y\u00f6netici Tuncay Ulu i\u00e7in bug\u00fcn 15.30&#8217;da \u00c7orum Kent Stad\u0131&#8217;nda imza merasimi d\u00fczenlenece\u011fi bildirildi.<\/p>\n<p> Teknik y\u00f6neticilik mesle\u011fine, profesyonel futbol hayat\u0131na da ba\u015flad\u0131\u011f\u0131 Sakaryaspor ile ad\u0131m atan Ulu, 2 sefer teknik y\u00f6neticilik yapt\u0131\u011f\u0131 ye\u015fil-siyahl\u0131 tak\u0131m\u0131 2021-2022&#8217;de 1. Lig&#8217;e \u00e7\u0131kard\u0131.<\/p>\n<p> 2024-2025 d\u00f6nemine \u00dcmraniyespor ile ba\u015flayan Ulu, ekibin ba\u015f\u0131nda \u00e7\u0131kt\u0131\u011f\u0131 14 ma\u00e7ta 19 puan toplad\u0131.<\/p>\n<p> Aral\u0131k 2024&#8217;te buradaki vazifesinden ayr\u0131lan Ulu, Serkan \u00d6zbalta&#8217;dan bo\u015falan \u00c7orum FK&#8217;de teknik y\u00f6neticili\u011fi misyonuna getirildi.<\/p>\n<\/div>\n<p><\/p>\n","protected":false},"excerpt":{"rendered":"<p>\u00c7orum FK, teknik y\u00f6neticilik misyonu i\u00e7in Tuncay Ulu ile mutabakat sa\u011flad\u0131<\/p>\n","protected":false},"author":1,"featured_media":26569,"comment_status":"open","ping_status":"open","sticky":false,"template":"","format":"standard","meta":{"footnotes":""},"categories":[25],"tags":[2343,478],"class_list":["post-26568","post","type-post","status-publish","format-standard","has-post-thumbnail","hentry","category-futbol","tag-sanli","tag-teknik-direktor"],"_links":{"self":[{"href":"https:\/\/haberbesiktas.tr\/index.php?rest_route=\/wp\/v2\/posts\/26568","targetHints":{"allow":["GET"]}}],"collection":[{"href":"https:\/\/haberbesiktas.tr\/index.php?rest_route=\/wp\/v2\/posts"}],"about":[{"href":"https:\/\/haberbesiktas.tr\/index.php?rest_route=\/wp\/v2\/types\/post"}],"author":[{"embeddable":true,"href":"https:\/\/haberbesiktas.tr\/index.php?rest_route=\/wp\/v2\/users\/1"}],"replies":[{"embeddable":true,"href":"https:\/\/haberbesiktas.tr\/index.php?rest_route=%2Fwp%2Fv2%2Fcomments&post=26568"}],"version-history":[{"count":1,"href":"https:\/\/haberbesiktas.tr\/index.php?rest_route=\/wp\/v2\/posts\/26568\/revisions"}],"predecessor-version":[{"id":26570,"href":"https:\/\/haberbesiktas.tr\/index.php?rest_route=\/wp\/v2\/posts\/26568\/revisions\/26570"}],"wp:featuredmedia":[{"embeddable":true,"href":"https:\/\/haberbesiktas.tr\/index.php?rest_route=\/wp\/v2\/media\/26569"}],"wp:attachment":[{"href":"https:\/\/haberbesiktas.tr\/index.php?rest_route=%2Fwp%2Fv2%2Fmedia&parent=26568"}],"wp:term":[{"taxonomy":"category","embeddable":true,"href":"https:\/\/haberbesiktas.tr\/index.php?rest_route=%2Fwp%2Fv2%2Fcategories&post=26568"},{"taxonomy":"post_tag","embeddable":true,"href":"https:\/\/haberbesiktas.tr\/index.php?rest_route=%2Fwp%2Fv2%2Ftags&post=26568"}],"curies":[{"name":"wp","href":"https:\/\/api.w.org\/{rel}","templated":true}]}}