{"id":26573,"date":"2025-05-04T18:48:14","date_gmt":"2025-05-04T18:48:14","guid":{"rendered":"https:\/\/haberbesiktas.tr\/?p=26573"},"modified":"2025-05-04T18:48:14","modified_gmt":"2025-05-04T18:48:14","slug":"fenerbahcede-livakovic-karari","status":"publish","type":"post","link":"https:\/\/haberbesiktas.tr\/?p=26573","title":{"rendered":"Fenerbah\u00e7e&#8217;de Livakovic karar\u0131!"},"content":{"rendered":"<div>Fenerbah\u00e7e Teknik Y\u00f6neticisi Jose Mourinho, Rangers ile oynanacak r\u00f6van\u015f m\u00fcsabakas\u0131nda tak\u0131mda de\u011fi\u015fiklik yapmay\u0131 planl\u0131yor.<\/p>\n<p> Sar\u0131-lacivertlilerde Dominik Livakovic&#8217;in sakatl\u0131\u011f\u0131 sonras\u0131 kaleyi alan \u0130rfan Can E\u011fribayat, \u00e2l\u00e2 bir performans ortaya koymu\u015ftu.<\/p>\n<p> \u0130rfan Can, performans\u0131 sonras\u0131 Livakovic g\u00fczelle\u015fmesine kar\u015f\u0131n kaleyi b\u0131rakmam\u0131\u015ft\u0131. Lakin 26 ya\u015f\u0131ndaki file bek\u00e7isi, Rangers&#8217;a kar\u015f\u0131 kaybedilen 3-1&#8217;lik ma\u00e7ta performans\u0131yla tart\u0131\u015fma yaratt\u0131.<\/p>\n<p> Fenerbah\u00e7e Teknik Y\u00f6neticisi Jose Mourinho, bu geli\u015fmenin akabinde Rangers ile oynanacak r\u00f6van\u015f ma\u00e7\u0131nda kalede Dominik Livakovic&#8217;e forma vermeyi planl\u0131yor.<\/p>\n<\/div>\n<p><\/p>\n","protected":false},"excerpt":{"rendered":"<p>Fenerbah\u00e7e Teknik Y\u00f6neticisi Jose Mourinho, Rangers ile gelecek hafta oynanacak r\u00f6van\u015f ma\u00e7\u0131nda sakatl\u0131\u011f\u0131n\u0131 atlatan Dominik Livakovic&#8217;e forma vermeyi planl\u0131yor.<\/p>\n","protected":false},"author":1,"featured_media":26574,"comment_status":"open","ping_status":"open","sticky":false,"template":"","format":"standard","meta":{"footnotes":""},"categories":[25],"tags":[],"class_list":["post-26573","post","type-post","status-publish","format-standard","has-post-thumbnail","hentry","category-futbol"],"_links":{"self":[{"href":"https:\/\/haberbesiktas.tr\/index.php?rest_route=\/wp\/v2\/posts\/26573","targetHints":{"allow":["GET"]}}],"collection":[{"href":"https:\/\/haberbesiktas.tr\/index.php?rest_route=\/wp\/v2\/posts"}],"about":[{"href":"https:\/\/haberbesiktas.tr\/index.php?rest_route=\/wp\/v2\/types\/post"}],"author":[{"embeddable":true,"href":"https:\/\/haberbesiktas.tr\/index.php?rest_route=\/wp\/v2\/users\/1"}],"replies":[{"embeddable":true,"href":"https:\/\/haberbesiktas.tr\/index.php?rest_route=%2Fwp%2Fv2%2Fcomments&post=26573"}],"version-history":[{"count":1,"href":"https:\/\/haberbesiktas.tr\/index.php?rest_route=\/wp\/v2\/posts\/26573\/revisions"}],"predecessor-version":[{"id":26575,"href":"https:\/\/haberbesiktas.tr\/index.php?rest_route=\/wp\/v2\/posts\/26573\/revisions\/26575"}],"wp:featuredmedia":[{"embeddable":true,"href":"https:\/\/haberbesiktas.tr\/index.php?rest_route=\/wp\/v2\/media\/26574"}],"wp:attachment":[{"href":"https:\/\/haberbesiktas.tr\/index.php?rest_route=%2Fwp%2Fv2%2Fmedia&parent=26573"}],"wp:term":[{"taxonomy":"category","embeddable":true,"href":"https:\/\/haberbesiktas.tr\/index.php?rest_route=%2Fwp%2Fv2%2Fcategories&post=26573"},{"taxonomy":"post_tag","embeddable":true,"href":"https:\/\/haberbesiktas.tr\/index.php?rest_route=%2Fwp%2Fv2%2Ftags&post=26573"}],"curies":[{"name":"wp","href":"https:\/\/api.w.org\/{rel}","templated":true}]}}