{"id":26630,"date":"2025-05-04T22:36:16","date_gmt":"2025-05-04T22:36:16","guid":{"rendered":"https:\/\/haberbesiktas.tr\/?p=26630"},"modified":"2025-05-04T22:36:16","modified_gmt":"2025-05-04T22:36:16","slug":"real-madridde-buyuk-denklem-ancelotti-alonso","status":"publish","type":"post","link":"https:\/\/haberbesiktas.tr\/?p=26630","title":{"rendered":"Real Madrid&#8217;de b\u00fcy\u00fck denklem: Ancelotti &#8211; Alonso"},"content":{"rendered":"<div>Real Madrid, Carlo Ancelotti&#8217;nin akabinde teknik y\u00f6neticilik koltu\u011funu Xabi Alonso&#8217;ya emanet etmek istiyor.<\/p>\n<p> The Athletic&#8217;te yer alan habere nazaran, \u0130spanyol grubu, Ancelotti sonras\u0131 i\u00e7in se\u00e7imini Alonso&#8217;dan yana kulland\u0131.<\/p>\n<p> Real Madrid&#8217;de kul\u00fcbe yak\u0131n isimlerin, 43 ya\u015f\u0131ndaki teknik adam\u0131n mevcut tak\u0131mdan daha fazla rand\u0131man alabilece\u011fine inand\u0131\u011f\u0131 ve Alonso ile d\u00f6nem i\u00e7erisinde temaslar\u0131n oldu\u011fu yaz\u0131ld\u0131.<\/p>\n<p> <strong>CARLO ANCELOTTI CEPHES\u0130<\/strong><\/p>\n<p> \u0130spanyol devinde mevcut teknik y\u00f6netici Carlo Ancelotti&#8217;nin kontrat\u0131 2026 y\u0131l\u0131na kadar devam ediyor.<\/p>\n<p> Daha evvel &#8220;<strong>Bu kul\u00fcpten ayr\u0131l\u0131\u015f tarihime hi\u00e7bir vakit ben karar vermeyece\u011fim&#8221;<\/strong> diyen \u0130talyan teknik adam da Real Madrid&#8217;de kalmak istiyor. Ancelotti&#8217;ye yak\u0131n kaynaklara nazaran, tecr\u00fcbeli teknik adam, kul\u00fcb\u00fcn ve Alonso ortas\u0131nda g\u00f6r\u00fc\u015fme oldu\u011funu biliyor lakin misyonunda kalmaya devam etmek istiyor.<\/p>\n<p><strong>\u015eAMP\u0130YONLAR L\u0130G\u0130 VEYA L\u0130G<\/strong><\/p>\n<p> Real Madrid&#8217;de d\u00f6nem i\u00e7erisinde de gelece\u011fi tart\u0131\u015f\u0131lan Ancelotti&#8217;nin \u015eampiyonlar Ligi yahut La Liga&#8217;y\u0131 kazanmas\u0131 durumunda Real Madrid&#8217;deki gelece\u011fini garanti alt\u0131na alabilece\u011fi kaydedildi.<\/p>\n<p> <strong>REAL MADRID&#8217;\u0130N DURUMU<\/strong><\/p>\n<p> \u0130spanya La Liga&#8217;da oynad\u0131\u011f\u0131 son 5 ma\u00e7ta 5 puan toplayan Real Madrid, 57 puanl\u0131 ba\u015fkan Barcelona&#8217;n\u0131n 3 puan gerisinde \u00fc\u00e7\u00fcnc\u00fc s\u0131rada yer al\u0131yor. Carlo Ancelotti&#8217;nin tak\u0131m\u0131, UEFA \u015eampiyonlar Ligi son 16 \u00e7e\u015fidi birinci ma\u00e7\u0131nda ise alan\u0131nda Atletico Madrid&#8217;i 2-1&#8217;lik skorla ma\u011flup etti.<\/p>\n<\/div>\n<p><\/p>\n","protected":false},"excerpt":{"rendered":"<p>Real Madrid, Carlo Ancelotti&#8217;nin akabinde teknik y\u00f6neticilik misyonuna Xabi Alonso&#8217;yu getirmek istiyor. \u0130spanyol tak\u0131m\u0131, 43 ya\u015f\u0131ndaki teknik adamla d\u00f6nem i\u00e7erisinde temasa ge\u00e7ti.<\/p>\n","protected":false},"author":1,"featured_media":26631,"comment_status":"open","ping_status":"open","sticky":false,"template":"","format":"standard","meta":{"footnotes":""},"categories":[25],"tags":[2200,51,700,351],"class_list":["post-26630","post","type-post","status-publish","format-standard","has-post-thumbnail","hentry","category-futbol","tag-ancelotti","tag-lig","tag-real","tag-teknik"],"_links":{"self":[{"href":"https:\/\/haberbesiktas.tr\/index.php?rest_route=\/wp\/v2\/posts\/26630","targetHints":{"allow":["GET"]}}],"collection":[{"href":"https:\/\/haberbesiktas.tr\/index.php?rest_route=\/wp\/v2\/posts"}],"about":[{"href":"https:\/\/haberbesiktas.tr\/index.php?rest_route=\/wp\/v2\/types\/post"}],"author":[{"embeddable":true,"href":"https:\/\/haberbesiktas.tr\/index.php?rest_route=\/wp\/v2\/users\/1"}],"replies":[{"embeddable":true,"href":"https:\/\/haberbesiktas.tr\/index.php?rest_route=%2Fwp%2Fv2%2Fcomments&post=26630"}],"version-history":[{"count":1,"href":"https:\/\/haberbesiktas.tr\/index.php?rest_route=\/wp\/v2\/posts\/26630\/revisions"}],"predecessor-version":[{"id":26632,"href":"https:\/\/haberbesiktas.tr\/index.php?rest_route=\/wp\/v2\/posts\/26630\/revisions\/26632"}],"wp:featuredmedia":[{"embeddable":true,"href":"https:\/\/haberbesiktas.tr\/index.php?rest_route=\/wp\/v2\/media\/26631"}],"wp:attachment":[{"href":"https:\/\/haberbesiktas.tr\/index.php?rest_route=%2Fwp%2Fv2%2Fmedia&parent=26630"}],"wp:term":[{"taxonomy":"category","embeddable":true,"href":"https:\/\/haberbesiktas.tr\/index.php?rest_route=%2Fwp%2Fv2%2Fcategories&post=26630"},{"taxonomy":"post_tag","embeddable":true,"href":"https:\/\/haberbesiktas.tr\/index.php?rest_route=%2Fwp%2Fv2%2Ftags&post=26630"}],"curies":[{"name":"wp","href":"https:\/\/api.w.org\/{rel}","templated":true}]}}