{"id":26633,"date":"2025-05-04T22:48:15","date_gmt":"2025-05-04T22:48:15","guid":{"rendered":"https:\/\/haberbesiktas.tr\/?p=26633"},"modified":"2025-05-04T22:48:15","modified_gmt":"2025-05-04T22:48:15","slug":"somasporda-ozgur-bayer-donemi","status":"publish","type":"post","link":"https:\/\/haberbesiktas.tr\/?p=26633","title":{"rendered":"Somaspor&#8217;da \u00d6zg\u00fcr Bayer d\u00f6nemi"},"content":{"rendered":"<div>2&#8217;nci Lig K\u0131rm\u0131z\u0131 K\u00fcme&#8217;de 7 ma\u00e7t\u0131r galibiyete hasret kalan Somaspor&#8217;da Erman G\u00fcra\u00e7ar&#8217;la yollar\u0131n kar\u015f\u0131l\u0131kl\u0131 mutabakatla ayr\u0131lmas\u0131n\u0131n akabinde teknik y\u00f6neticilik vazifesine \u00d6zg\u00fcr Bayer getirildi. <\/p>\n<p>Somaspor idaresi, daha evvel bir\u00e7ok 1&#8217;inci Lig tak\u0131m\u0131nda antren\u00f6rl\u00fck yapan ve futbolculuk devrinde Soma Linyitspor formas\u0131 giyen 45 ya\u015f\u0131ndaki \u00d6zg\u00fcr Bayer ile mutabakata vard\u0131. <\/p>\n<p>\u00d6zg\u00fcr Bayer&#8217;in teknik tak\u0131m\u0131nda daha evvel Erman G\u00fcra\u00e7ar&#8217;\u0131n yard\u0131mc\u0131l\u0131\u011f\u0131n\u0131 da yapan \u0130smail Kavruk, kaleci antren\u00f6r\u00fc olarak S\u00fcleyman K\u00fc\u00e7\u00fck, Somaspor&#8217;u amat\u00f6rden B\u00f6lgesel Amat\u00f6r Lig&#8217;e (BAL) \u00e7\u0131karan ve hala altyap\u0131 koordinat\u00f6rl\u00fc\u011f\u00fc vazifesini s\u00fcrd\u00fcren Bahad\u0131r \u00d6zgen ile altyap\u0131 antren\u00f6rlerinden Ramazan \u00c7apar yer alacak.<\/p>\n<\/div>\n<p><\/p>\n","protected":false},"excerpt":{"rendered":"<p>Somaspor&#8217;da \u00d6zg\u00fcr Bayer ile teknik y\u00f6neticilik i\u00e7in muahedeye vard\u0131.<\/p>\n","protected":false},"author":1,"featured_media":26634,"comment_status":"open","ping_status":"open","sticky":false,"template":"","format":"standard","meta":{"footnotes":""},"categories":[25],"tags":[],"class_list":["post-26633","post","type-post","status-publish","format-standard","has-post-thumbnail","hentry","category-futbol"],"_links":{"self":[{"href":"https:\/\/haberbesiktas.tr\/index.php?rest_route=\/wp\/v2\/posts\/26633","targetHints":{"allow":["GET"]}}],"collection":[{"href":"https:\/\/haberbesiktas.tr\/index.php?rest_route=\/wp\/v2\/posts"}],"about":[{"href":"https:\/\/haberbesiktas.tr\/index.php?rest_route=\/wp\/v2\/types\/post"}],"author":[{"embeddable":true,"href":"https:\/\/haberbesiktas.tr\/index.php?rest_route=\/wp\/v2\/users\/1"}],"replies":[{"embeddable":true,"href":"https:\/\/haberbesiktas.tr\/index.php?rest_route=%2Fwp%2Fv2%2Fcomments&post=26633"}],"version-history":[{"count":1,"href":"https:\/\/haberbesiktas.tr\/index.php?rest_route=\/wp\/v2\/posts\/26633\/revisions"}],"predecessor-version":[{"id":26635,"href":"https:\/\/haberbesiktas.tr\/index.php?rest_route=\/wp\/v2\/posts\/26633\/revisions\/26635"}],"wp:featuredmedia":[{"embeddable":true,"href":"https:\/\/haberbesiktas.tr\/index.php?rest_route=\/wp\/v2\/media\/26634"}],"wp:attachment":[{"href":"https:\/\/haberbesiktas.tr\/index.php?rest_route=%2Fwp%2Fv2%2Fmedia&parent=26633"}],"wp:term":[{"taxonomy":"category","embeddable":true,"href":"https:\/\/haberbesiktas.tr\/index.php?rest_route=%2Fwp%2Fv2%2Fcategories&post=26633"},{"taxonomy":"post_tag","embeddable":true,"href":"https:\/\/haberbesiktas.tr\/index.php?rest_route=%2Fwp%2Fv2%2Ftags&post=26633"}],"curies":[{"name":"wp","href":"https:\/\/api.w.org\/{rel}","templated":true}]}}