{"id":2666,"date":"2025-01-11T06:54:43","date_gmt":"2025-01-11T06:54:43","guid":{"rendered":"https:\/\/haberbesiktas.tr\/?p=2666"},"modified":"2025-01-11T06:54:43","modified_gmt":"2025-01-11T06:54:43","slug":"ayakta-kalan-son-adam-mert-gunok","status":"publish","type":"post","link":"https:\/\/haberbesiktas.tr\/?p=2666","title":{"rendered":"Ayakta kalan son adam: Mert G\u00fcnok"},"content":{"rendered":"<div>Mert G\u00fcnok, Be\u015fikta\u015f mesle\u011finde adeta tarih yaz\u0131yor. <\/p>\n<p>K\u00f6t\u00fc giden bir d\u00f6nemin ayakta kalan ismi olarak g\u00f6ze \u00e7arpan deneyimli file bek\u00e7isi, Be\u015fikta\u015f&#8217;\u0131n yak\u0131n tarihinde en d\u00fczg\u00fcn kaleciler ortas\u0131nda yer al\u0131yor. <\/p>\n<p>Sosyal medyada yap\u0131lan oylamada taraftarlar birinci s\u0131raya Oscar Cordoba&#8217;y\u0131 ikinci s\u0131raya Fabri&#8217;yi \u00fc\u00e7\u00fcnc\u00fc s\u0131raya da Mert G\u00fcnok&#8217;u koydu. <\/p>\n<p>\u00d6te yandan Be\u015fikta\u015f idaresi, Mert G\u00fcnok&#8217;un d\u00f6nem sonunda bitecek kontrat\u0131n\u0131 yenilemek i\u00e7in g\u00f6r\u00fc\u015fmelere ba\u015flayacak.<\/p><\/div>\n","protected":false},"excerpt":{"rendered":"<p>Mert G\u00fcnok, mak\u00fbs d\u00f6nemde ayakta kalan adam olarak Be\u015fikta\u015fl\u0131 taraftarlar\u0131n da be\u011fenisini toplad\u0131.<\/p>\n","protected":false},"author":1,"featured_media":2667,"comment_status":"open","ping_status":"open","sticky":false,"template":"","format":"standard","meta":{"footnotes":""},"categories":[25],"tags":[],"class_list":["post-2666","post","type-post","status-publish","format-standard","has-post-thumbnail","hentry","category-futbol"],"_links":{"self":[{"href":"https:\/\/haberbesiktas.tr\/index.php?rest_route=\/wp\/v2\/posts\/2666","targetHints":{"allow":["GET"]}}],"collection":[{"href":"https:\/\/haberbesiktas.tr\/index.php?rest_route=\/wp\/v2\/posts"}],"about":[{"href":"https:\/\/haberbesiktas.tr\/index.php?rest_route=\/wp\/v2\/types\/post"}],"author":[{"embeddable":true,"href":"https:\/\/haberbesiktas.tr\/index.php?rest_route=\/wp\/v2\/users\/1"}],"replies":[{"embeddable":true,"href":"https:\/\/haberbesiktas.tr\/index.php?rest_route=%2Fwp%2Fv2%2Fcomments&post=2666"}],"version-history":[{"count":1,"href":"https:\/\/haberbesiktas.tr\/index.php?rest_route=\/wp\/v2\/posts\/2666\/revisions"}],"predecessor-version":[{"id":2668,"href":"https:\/\/haberbesiktas.tr\/index.php?rest_route=\/wp\/v2\/posts\/2666\/revisions\/2668"}],"wp:featuredmedia":[{"embeddable":true,"href":"https:\/\/haberbesiktas.tr\/index.php?rest_route=\/wp\/v2\/media\/2667"}],"wp:attachment":[{"href":"https:\/\/haberbesiktas.tr\/index.php?rest_route=%2Fwp%2Fv2%2Fmedia&parent=2666"}],"wp:term":[{"taxonomy":"category","embeddable":true,"href":"https:\/\/haberbesiktas.tr\/index.php?rest_route=%2Fwp%2Fv2%2Fcategories&post=2666"},{"taxonomy":"post_tag","embeddable":true,"href":"https:\/\/haberbesiktas.tr\/index.php?rest_route=%2Fwp%2Fv2%2Ftags&post=2666"}],"curies":[{"name":"wp","href":"https:\/\/api.w.org\/{rel}","templated":true}]}}