{"id":26685,"date":"2025-05-05T02:12:14","date_gmt":"2025-05-05T02:12:14","guid":{"rendered":"https:\/\/haberbesiktas.tr\/?p=26685"},"modified":"2025-05-05T02:12:14","modified_gmt":"2025-05-05T02:12:14","slug":"fenerbahceden-sakatlik-aciklamasi-caglar-soyuncu","status":"publish","type":"post","link":"https:\/\/haberbesiktas.tr\/?p=26685","title":{"rendered":"Fenerbah\u00e7e&#8217;den sakatl\u0131k a\u00e7\u0131klamas\u0131: \u00c7a\u011flar S\u00f6y\u00fcnc\u00fc"},"content":{"rendered":"<div>Fenerbah\u00e7e, Rangers ma\u00e7\u0131nda sakatlanan \u00c7a\u011flar S\u00f6y\u00fcnc\u00fc i\u00e7in bir a\u00e7\u0131klama yapt\u0131.<\/p>\n<p>Sar\u0131-lacivertliler, ulusal futbolcunun sa\u011f art adalesinde a\u011f\u0131r \u00f6dem ve kanama tespit edildi\u011fini a\u00e7\u0131klad\u0131.<\/p>\n<p> <strong>Fenerbah\u00e7e&#8217;nin a\u00e7\u0131klamas\u0131 \u015fu formda:<\/strong><\/p>\n<p> &#8220;Rangers ma\u00e7\u0131nda sakatlanarak oyundan \u00e7\u0131kmak zorunda kalan oyuncumuz \u00c7a\u011flar S\u00f6y\u00fcnc\u00fc&#8217;n\u00fcn MR g\u00f6r\u00fcnt\u00fclenmesi ger\u00e7ekle\u015ftirilmi\u015ftir. Yap\u0131lan tetkikler \u00e7er\u00e7evesinde sa\u011f art adalesinde a\u011f\u0131r \u00f6dem ve kanama tespit edilen futbolcumuzun tedavisine ba\u015flanm\u0131\u015ft\u0131r.&#8221;<\/p>\n<p> <strong>RANGERS MA\u00c7INDA YOK!<\/strong><\/p>\n<p> \u00c7a\u011flar S\u00f6y\u00fcnc\u00fc&#8217;n\u00fcn 10-14 g\u00fcn alanlardan uzak kalmas\u0131 bekleniyor. Ulusal stoper, sakatl\u0131\u011f\u0131 nedeniyle 13 Mart Per\u015fembe g\u00fcn\u00fc Rangers ile oynanacak r\u00f6van\u015f ma\u00e7\u0131nda forma giyemeyecek.<\/p>\n<p> <strong>BU D\u00d6NEM PERFORMANSI<\/strong><\/p>\n<p> Fenerbah\u00e7e&#8217;de bu d\u00f6nem 33 ma\u00e7ta m\u00fcddet bulan 28 ya\u015f\u0131ndaki \u00c7a\u011flar S\u00f6y\u00fcnc\u00fc, 2 gol att\u0131 ve 1 asist yapt\u0131.<\/p>\n<\/div>\n<p><\/p>\n","protected":false},"excerpt":{"rendered":"<p>Fenerbah\u00e7e, Rangers ma\u00e7\u0131nda sakatlanan \u00c7a\u011flar S\u00f6y\u00fcnc\u00fc&#8217;n\u00fcn sa\u011f art adalesinde a\u011f\u0131r \u00f6dem ve kanama tespit edildi\u011fini a\u00e7\u0131klad\u0131.<\/p>\n","protected":false},"author":1,"featured_media":26686,"comment_status":"open","ping_status":"open","sticky":false,"template":"","format":"standard","meta":{"footnotes":""},"categories":[25],"tags":[],"class_list":["post-26685","post","type-post","status-publish","format-standard","has-post-thumbnail","hentry","category-futbol"],"_links":{"self":[{"href":"https:\/\/haberbesiktas.tr\/index.php?rest_route=\/wp\/v2\/posts\/26685","targetHints":{"allow":["GET"]}}],"collection":[{"href":"https:\/\/haberbesiktas.tr\/index.php?rest_route=\/wp\/v2\/posts"}],"about":[{"href":"https:\/\/haberbesiktas.tr\/index.php?rest_route=\/wp\/v2\/types\/post"}],"author":[{"embeddable":true,"href":"https:\/\/haberbesiktas.tr\/index.php?rest_route=\/wp\/v2\/users\/1"}],"replies":[{"embeddable":true,"href":"https:\/\/haberbesiktas.tr\/index.php?rest_route=%2Fwp%2Fv2%2Fcomments&post=26685"}],"version-history":[{"count":1,"href":"https:\/\/haberbesiktas.tr\/index.php?rest_route=\/wp\/v2\/posts\/26685\/revisions"}],"predecessor-version":[{"id":26687,"href":"https:\/\/haberbesiktas.tr\/index.php?rest_route=\/wp\/v2\/posts\/26685\/revisions\/26687"}],"wp:featuredmedia":[{"embeddable":true,"href":"https:\/\/haberbesiktas.tr\/index.php?rest_route=\/wp\/v2\/media\/26686"}],"wp:attachment":[{"href":"https:\/\/haberbesiktas.tr\/index.php?rest_route=%2Fwp%2Fv2%2Fmedia&parent=26685"}],"wp:term":[{"taxonomy":"category","embeddable":true,"href":"https:\/\/haberbesiktas.tr\/index.php?rest_route=%2Fwp%2Fv2%2Fcategories&post=26685"},{"taxonomy":"post_tag","embeddable":true,"href":"https:\/\/haberbesiktas.tr\/index.php?rest_route=%2Fwp%2Fv2%2Ftags&post=26685"}],"curies":[{"name":"wp","href":"https:\/\/api.w.org\/{rel}","templated":true}]}}