{"id":2669,"date":"2025-01-11T07:18:45","date_gmt":"2025-01-11T07:18:45","guid":{"rendered":"https:\/\/haberbesiktas.tr\/?p=2669"},"modified":"2025-01-11T07:18:45","modified_gmt":"2025-01-11T07:18:45","slug":"roger-schmidt-besiktasa-tuzlu-geldi","status":"publish","type":"post","link":"https:\/\/haberbesiktas.tr\/?p=2669","title":{"rendered":"Roger Schmidt, Be\u015fikta\u015f&#8217;a tuzlu geldi"},"content":{"rendered":"<div>Be\u015fikta\u015f, teknik y\u00f6netici adaylar\u0131ndan Roger Schmidt ile yapt\u0131\u011f\u0131 g\u00f6r\u00fc\u015fmede, beklentilerin \u00fczerinde bir maliyetle kar\u015f\u0131 kar\u015f\u0131ya kald\u0131.<\/p>\n<p> Alman teknik adam, Be\u015fikta\u015f&#8217;tan 5 milyon Euro&#8217;yu (182 milyon TL) a\u015fan y\u0131ll\u0131k fiyat talep etti.<\/p>\n<p>Ekibi de dahil oldu\u011funda say\u0131n\u0131n 6 milyon Euro&#8217;nun \u00fczerine \u00e7\u0131kt\u0131\u011f\u0131 belirtildi.<\/p>\n<p><strong>ALTERNAT\u0130F \u0130S\u0130MLER VAR<\/strong><\/p>\n<p> Bunun yan\u0131 s\u0131ra \u00f6nceli\u011finin Avrupa&#8217;n\u0131n 5 b\u00fcy\u00fck ligi oldu\u011funu ileten 57 ya\u015f\u0131ndaki \u00e7al\u0131\u015ft\u0131r\u0131c\u0131dan vazge\u00e7ilerek alternatif isimlerle temaslar h\u0131zland\u0131r\u0131ld\u0131.<\/p>\n<p> \u00d6te yandan idareye Frans\u0131z teknik y\u00f6netici Rudi Garcia \u00f6nerildi.<\/p>\n<\/div>\n","protected":false},"excerpt":{"rendered":"<p>Be\u015fikta\u015f, kadronun ba\u015f\u0131na getirmek istedi\u011fi Roger Schmidt ile kurdu\u011fu temasta \u00e7ok y\u00fcksek bir maliyetle kar\u015f\u0131la\u015ft\u0131.<\/p>\n","protected":false},"author":1,"featured_media":2670,"comment_status":"open","ping_status":"open","sticky":false,"template":"","format":"standard","meta":{"footnotes":""},"categories":[25],"tags":[],"class_list":["post-2669","post","type-post","status-publish","format-standard","has-post-thumbnail","hentry","category-futbol"],"_links":{"self":[{"href":"https:\/\/haberbesiktas.tr\/index.php?rest_route=\/wp\/v2\/posts\/2669","targetHints":{"allow":["GET"]}}],"collection":[{"href":"https:\/\/haberbesiktas.tr\/index.php?rest_route=\/wp\/v2\/posts"}],"about":[{"href":"https:\/\/haberbesiktas.tr\/index.php?rest_route=\/wp\/v2\/types\/post"}],"author":[{"embeddable":true,"href":"https:\/\/haberbesiktas.tr\/index.php?rest_route=\/wp\/v2\/users\/1"}],"replies":[{"embeddable":true,"href":"https:\/\/haberbesiktas.tr\/index.php?rest_route=%2Fwp%2Fv2%2Fcomments&post=2669"}],"version-history":[{"count":1,"href":"https:\/\/haberbesiktas.tr\/index.php?rest_route=\/wp\/v2\/posts\/2669\/revisions"}],"predecessor-version":[{"id":2671,"href":"https:\/\/haberbesiktas.tr\/index.php?rest_route=\/wp\/v2\/posts\/2669\/revisions\/2671"}],"wp:featuredmedia":[{"embeddable":true,"href":"https:\/\/haberbesiktas.tr\/index.php?rest_route=\/wp\/v2\/media\/2670"}],"wp:attachment":[{"href":"https:\/\/haberbesiktas.tr\/index.php?rest_route=%2Fwp%2Fv2%2Fmedia&parent=2669"}],"wp:term":[{"taxonomy":"category","embeddable":true,"href":"https:\/\/haberbesiktas.tr\/index.php?rest_route=%2Fwp%2Fv2%2Fcategories&post=2669"},{"taxonomy":"post_tag","embeddable":true,"href":"https:\/\/haberbesiktas.tr\/index.php?rest_route=%2Fwp%2Fv2%2Ftags&post=2669"}],"curies":[{"name":"wp","href":"https:\/\/api.w.org\/{rel}","templated":true}]}}