{"id":26692,"date":"2025-05-05T02:36:12","date_gmt":"2025-05-05T02:36:12","guid":{"rendered":"https:\/\/haberbesiktas.tr\/?p=26692"},"modified":"2025-05-05T02:36:12","modified_gmt":"2025-05-05T02:36:12","slug":"lukakudan-mourinho-icin-aciklama","status":"publish","type":"post","link":"https:\/\/haberbesiktas.tr\/?p=26692","title":{"rendered":"Lukaku&#8217;dan Mourinho i\u00e7in a\u00e7\u0131klama!"},"content":{"rendered":"<div>Napoli formas\u0131 giyen Romelu Lukaku, verdi\u011fi r\u00f6portajda Jose Mourinho ile ilgili konu\u015ftu.<\/p>\n<p><strong>&#8220;SORUN YOKTU&#8221;<\/strong><\/p>\n<p> Bel\u00e7ikal\u0131 golc\u00fc, ge\u00e7en d\u00f6nem Roma&#8217;da birlikte \u00e7al\u0131\u015ft\u0131klar\u0131 Mourinho ile ortalar\u0131nda sorun ya\u015fand\u0131\u011f\u0131 savlar\u0131n\u0131 kesin bir lisanla yalanlad\u0131. Lukaku, kelam konusu arg\u00fcman i\u00e7in, <strong>&#8220;Kesinlikle hay\u0131r.&#8221;<\/strong> cevab\u0131n\u0131 verdi.<\/p>\n<p> Mourinho ile ilgili a\u00e7\u0131klamalar\u0131na devam eden Lukaku, <strong>&#8220;Mourinho ile iki defa \u00e7al\u0131\u015ft\u0131m. (Manchester United ve Roma) O bir kazanan.&#8221;<\/strong> dedi.<\/p>\n<p><strong>&#8220;ASLA MAK\u00dbS KONU\u015eMAM&#8221;<\/strong><\/p>\n<p> Portekizli teknik adam\u0131n Roma periyodu i\u00e7in de konu\u015fan Lukaku,<strong> &#8220;Onunla kim oldu\u011funu bilmedi\u011fim birisi ortas\u0131nda bir \u015feyler ya\u015fand\u0131 ve ben bu i\u015fe kar\u0131\u015fmak istemedim. Jose hakk\u0131nda asla makus konu\u015fmayaca\u011f\u0131m. Roma&#8217;da \u00fcst seviye bir grubu yoktu lakin sonuna kadar gitti.&#8221;<\/strong> diye konu\u015ftu.<\/p>\n<p><strong>&#8220;EN G\u00dcZEL\u0130N\u0130 D\u0130L\u0130YORUM&#8221;<\/strong><\/p>\n<p> 31 ya\u015f\u0131ndaki futbolcu, son olarak, <strong>&#8220;T\u00fcrkiye&#8217;de de ola\u011fan\u00fcst\u00fc i\u015fler yap\u0131yor. Mourinho&#8217;ya her vakit en g\u00fczelini diliyorum.&#8221;<\/strong> kelamlar\u0131n\u0131 sarf etti.<\/p>\n<p> Napoli&#8217;de bu d\u00f6nem 27 ma\u00e7ta m\u00fchlet bulan Lukaku, 9 gol att\u0131 ve 8 asist yapt\u0131.<\/p>\n<\/div>\n<p><\/p>\n","protected":false},"excerpt":{"rendered":"<p>Napoli formas\u0131 giyen Romelu Lukaku, ge\u00e7en y\u0131l Roma&#8217;da Jose Mourinho ile sorun ya\u015fad\u0131\u011f\u0131 arg\u00fcmanlar\u0131n\u0131n ger\u00e7e\u011fi yans\u0131tmad\u0131\u011f\u0131n\u0131 a\u00e7\u0131klad\u0131.<\/p>\n","protected":false},"author":1,"featured_media":26693,"comment_status":"open","ping_status":"open","sticky":false,"template":"","format":"standard","meta":{"footnotes":""},"categories":[25],"tags":[2359,704],"class_list":["post-26692","post","type-post","status-publish","format-standard","has-post-thumbnail","hentry","category-futbol","tag-lukaku","tag-mourinho"],"_links":{"self":[{"href":"https:\/\/haberbesiktas.tr\/index.php?rest_route=\/wp\/v2\/posts\/26692","targetHints":{"allow":["GET"]}}],"collection":[{"href":"https:\/\/haberbesiktas.tr\/index.php?rest_route=\/wp\/v2\/posts"}],"about":[{"href":"https:\/\/haberbesiktas.tr\/index.php?rest_route=\/wp\/v2\/types\/post"}],"author":[{"embeddable":true,"href":"https:\/\/haberbesiktas.tr\/index.php?rest_route=\/wp\/v2\/users\/1"}],"replies":[{"embeddable":true,"href":"https:\/\/haberbesiktas.tr\/index.php?rest_route=%2Fwp%2Fv2%2Fcomments&post=26692"}],"version-history":[{"count":1,"href":"https:\/\/haberbesiktas.tr\/index.php?rest_route=\/wp\/v2\/posts\/26692\/revisions"}],"predecessor-version":[{"id":26694,"href":"https:\/\/haberbesiktas.tr\/index.php?rest_route=\/wp\/v2\/posts\/26692\/revisions\/26694"}],"wp:featuredmedia":[{"embeddable":true,"href":"https:\/\/haberbesiktas.tr\/index.php?rest_route=\/wp\/v2\/media\/26693"}],"wp:attachment":[{"href":"https:\/\/haberbesiktas.tr\/index.php?rest_route=%2Fwp%2Fv2%2Fmedia&parent=26692"}],"wp:term":[{"taxonomy":"category","embeddable":true,"href":"https:\/\/haberbesiktas.tr\/index.php?rest_route=%2Fwp%2Fv2%2Fcategories&post=26692"},{"taxonomy":"post_tag","embeddable":true,"href":"https:\/\/haberbesiktas.tr\/index.php?rest_route=%2Fwp%2Fv2%2Ftags&post=26692"}],"curies":[{"name":"wp","href":"https:\/\/api.w.org\/{rel}","templated":true}]}}