{"id":2672,"date":"2025-01-11T07:30:43","date_gmt":"2025-01-11T07:30:43","guid":{"rendered":"https:\/\/haberbesiktas.tr\/?p=2672"},"modified":"2025-01-11T07:30:43","modified_gmt":"2025-01-11T07:30:43","slug":"super-ligin-en-degerli-yerli-futbolcusu-semih-kilicsoy","status":"publish","type":"post","link":"https:\/\/haberbesiktas.tr\/?p=2672","title":{"rendered":"S\u00fcper Lig&#8217;in en de\u011ferli yerli futbolcusu: Semih K\u0131l\u0131\u00e7soy"},"content":{"rendered":"<div>CIES (Uluslararas\u0131 Spor Ara\u015ft\u0131rmalar\u0131 Merkezi)&#8217;a nazaran \u00dcst\u00fcn Lig&#8217;in en k\u0131ymetli yerli oyuncusu Be\u015fikta\u015fl\u0131 Semih K\u0131l\u0131\u00e7soy oldu.<\/p>\n<p> Gen\u00e7 oyuncunun k\u0131ymeti 25-35 milyon Euro olarak g\u00f6steriliyor.<\/p>\n<p> <strong>\u0130LK SIRADA OSIMHEN VAR<\/strong><\/p>\n<p> 19 ya\u015f\u0131ndaki y\u0131ld\u0131z birebir vakitte Harika Lig&#8217;in en pahal\u0131 2. oyuncusu olarak g\u00f6z\u00fck\u00fcyor. Listenin birinci s\u0131ras\u0131nda 51-72 milyon Euro k\u0131ymetiyle Victor Osimhen yer al\u0131yor.<\/p>\n<p> <strong>EN-NESYRI VE YAS\u0130N \u00d6ZCAN<\/strong><\/p>\n<p> F.Bah\u00e7e&#8217;nin y\u0131ld\u0131z\u0131 En Nesyri 3., Yasin \u00d6zcan ise 4. basamakta yer al\u0131yor. Kas\u0131mpa\u015fa&#8217;n\u0131n gen\u00e7 y\u0131ld\u0131z\u0131, CIES&#8217;a nazaran Semih&#8217;ten sonra en de\u011ferli yerli futbolcu durumunda.<\/p>\n<\/div>\n","protected":false},"excerpt":{"rendered":"<p>CIES&#8217;a nazaran Be\u015fikta\u015f&#8217;\u0131n 19 ya\u015f\u0131ndaki oyuncusu Semih K\u0131l\u0131\u00e7soy, \u00dcst\u00fcn Lig&#8217;in en bedelli yerli futbolcusu pozisyonunda.<\/p>\n","protected":false},"author":1,"featured_media":2673,"comment_status":"open","ping_status":"open","sticky":false,"template":"","format":"standard","meta":{"footnotes":""},"categories":[25],"tags":[],"class_list":["post-2672","post","type-post","status-publish","format-standard","has-post-thumbnail","hentry","category-futbol"],"_links":{"self":[{"href":"https:\/\/haberbesiktas.tr\/index.php?rest_route=\/wp\/v2\/posts\/2672","targetHints":{"allow":["GET"]}}],"collection":[{"href":"https:\/\/haberbesiktas.tr\/index.php?rest_route=\/wp\/v2\/posts"}],"about":[{"href":"https:\/\/haberbesiktas.tr\/index.php?rest_route=\/wp\/v2\/types\/post"}],"author":[{"embeddable":true,"href":"https:\/\/haberbesiktas.tr\/index.php?rest_route=\/wp\/v2\/users\/1"}],"replies":[{"embeddable":true,"href":"https:\/\/haberbesiktas.tr\/index.php?rest_route=%2Fwp%2Fv2%2Fcomments&post=2672"}],"version-history":[{"count":1,"href":"https:\/\/haberbesiktas.tr\/index.php?rest_route=\/wp\/v2\/posts\/2672\/revisions"}],"predecessor-version":[{"id":2674,"href":"https:\/\/haberbesiktas.tr\/index.php?rest_route=\/wp\/v2\/posts\/2672\/revisions\/2674"}],"wp:featuredmedia":[{"embeddable":true,"href":"https:\/\/haberbesiktas.tr\/index.php?rest_route=\/wp\/v2\/media\/2673"}],"wp:attachment":[{"href":"https:\/\/haberbesiktas.tr\/index.php?rest_route=%2Fwp%2Fv2%2Fmedia&parent=2672"}],"wp:term":[{"taxonomy":"category","embeddable":true,"href":"https:\/\/haberbesiktas.tr\/index.php?rest_route=%2Fwp%2Fv2%2Fcategories&post=2672"},{"taxonomy":"post_tag","embeddable":true,"href":"https:\/\/haberbesiktas.tr\/index.php?rest_route=%2Fwp%2Fv2%2Ftags&post=2672"}],"curies":[{"name":"wp","href":"https:\/\/api.w.org\/{rel}","templated":true}]}}