{"id":26991,"date":"2025-05-05T22:24:10","date_gmt":"2025-05-05T22:24:10","guid":{"rendered":"https:\/\/haberbesiktas.tr\/?p=26991"},"modified":"2025-05-05T22:24:10","modified_gmt":"2025-05-05T22:24:10","slug":"boksta-hedef-dunya-sampiyonlugu","status":"publish","type":"post","link":"https:\/\/haberbesiktas.tr\/?p=26991","title":{"rendered":"Boksta hedef &#8220;d\u00fcnya \u015fampiyonlu\u011fu&#8221;"},"content":{"rendered":"<p>T\u00fcrkiye Boks Federasyonu Ba\u015fkan\u0131 Suat Hekimo\u011flu, S\u0131rbistan&#8217;da d\u00fczenlenecek D\u00fcnya Bayanlar Boks \u015eampiyonas\u0131&#8217;nda grup olarak dorukta yer alarak d\u00fcnya \u015fampiyonu unvan\u0131n\u0131 alacaklar\u0131na inand\u0131\u011f\u0131n\u0131 s\u00f6yledi.<\/p>\n<p> T\u00fcrkiye Boks Federasyonunun yeni ba\u015fkan\u0131 Hekimo\u011flu, AA muhabirine S\u0131rbistan&#8217;daki D\u00fcnya \u015eampiyonas\u0131&#8217;na \u00f6zel a\u00e7\u0131klamalarda bulundu.<\/p>\n<p> \u00c7ok de\u011ferli atletlere sahip olduklar\u0131n\u0131 vurgulayan Hekimo\u011flu, <strong>&#8220;Tak\u0131m olarak d\u00fcnya \u015fampiyonu olaca\u011f\u0131m\u0131za inan\u0131yorum. Bir aksilik olmazsa fikrim bu tarafta. \u00c7ocuklar\u0131m\u0131z antren\u00f6rlerimizle \u00e7ok uygun haz\u0131rland\u0131. Vaktinde kilolar\u0131n\u0131 d\u00fc\u015ft\u00fcler. Busenaz S\u00fcrmeneli, olimpiyatta kilo a\u00e7\u0131s\u0131ndan aksilik ya\u015fad\u0131. Hasebiyle o kiloyu bir anda d\u00fc\u015fmenin \u015fans\u0131zl\u0131\u011f\u0131n\u0131 ya\u015fad\u0131. Busenaz S\u00fcrmeneli&#8217;yi 66 kiloda yenebilecek bir atlet yok, d\u00fcnyan\u0131n en uygunu. Art\u0131k tam haz\u0131r olarak \u015fampiyonada. Atletlerimiz \u00e7ok b\u00fcy\u00fck bir ahenk i\u00e7erisinde. S\u0131rbistan&#8217;da amac\u0131m\u0131z d\u00fcnya \u015fampiyonlu\u011fu.&#8221;<\/strong> tabirlerini kulland\u0131.<\/p>\n<p> <strong>\u0130lk b\u00fcy\u00fck \u015fampiyonas\u0131<\/strong><\/p>\n<p> Suat Hekimo\u011flu, federasyon ba\u015fkanl\u0131\u011f\u0131na se\u00e7ildikten sonra b\u00fcy\u00fckler kategorisinde birinci k\u0131ymetli tertibin heyecan\u0131n\u0131 ya\u015f\u0131yor.<\/p>\n<p> S\u0131rbistan&#8217;da atletlerin yan\u0131nda olaca\u011f\u0131n\u0131 belirten Hekimo\u011flu, <strong>&#8220;\u00c7ok bedelli bir \u015fampiyona bizim i\u00e7in. Yeni bir federasyon ba\u015fkan\u0131 olmam sebebiyle benim i\u00e7in de ba\u015fka bir de\u011feri var, zira birinci b\u00fcy\u00fck turnuvam. S\u0131rbistan&#8217;da k\u0131zlar\u0131m\u0131z\u0131n yan\u0131nda olaca\u011f\u0131m. 12 s\u0131klette de var\u0131z ve \u00e7ok fazla madalya alaca\u011f\u0131m\u0131z\u0131 d\u00fc\u015f\u00fcn\u00fcyorum. \u00d6b\u00fcr idare vaktinde da bayan boksunda muvaffakiyet vard\u0131. Biz \u00e7\u0131tay\u0131 daha da y\u00fckseltmek istiyoruz ve bunun birinci basama\u011f\u0131 D\u00fcnya \u015eampiyonas\u0131.&#8221;<\/strong> diye konu\u015ftu.<\/p>\n<p> En b\u00fcy\u00fck hayalinin 2028 Los Angeles Olimpiyat Oyunlar\u0131 oldu\u011funu lisana getiren Hekimo\u011flu, <strong>&#8220;Her \u015feyi Los Angeles 2028&#8217;e planl\u0131yoruz. Tek grupla de\u011fil bir\u00e7ok kadroyla haz\u0131rlan\u0131yoruz. Muvaffakiyet i\u00e7in her \u015feyi yapaca\u011f\u0131z. U\u011fra\u015f\u0131m\u0131z \u00fclkemiz ve bayra\u011f\u0131m\u0131z i\u00e7in. Biz de gaye bitmez. O madalyalar gelecek, ben k\u0131zlar\u0131m\u0131za sonuna kadar inan\u0131yorum. \u0130nan\u0131n b\u00fcy\u00fck erkekler kategorisinde de 2028&#8217;de madalyalar gelecek.&#8221;<\/strong> de\u011ferlendirmesinde bulundu.<\/p>\n<p> <strong>&#8220;T\u00fcrk insan\u0131 inat\u00e7\u0131d\u0131r&#8221;<\/strong><\/p>\n<p> T\u00fcrk be\u015ferinin muvaffakiyet i\u00e7in inat\u00e7\u0131 bir yap\u0131ya sahip oldu\u011funun alt\u0131n\u0131 \u00e7izen Hekimo\u011flu, boksta da bu \u00f6zelli\u011fi g\u00f6rd\u00fcklerini lisana getirdi.<\/p>\n<p> Suat Hekimo\u011flu, sportmenler i\u00e7in federasyon olarak her \u015feyi yapmaya haz\u0131r olduklar\u0131n\u0131 aktararak, <strong>&#8220;T\u00fcrk insan\u0131 inat\u00e7\u0131d\u0131r, muvaffakiyete a\u00e7t\u0131r. K\u00e2fi ki biz atletlerimizi destekleyelim. Biz takviye a\u00e7\u0131s\u0131ndan en uygununu yapaca\u011f\u0131z. \u00c7ocuklar\u0131m\u0131z\u0131 \u00e7ok fazla \u015fampiyonaya g\u00f6nderece\u011fiz. Bu i\u015fe kellemizi koyduk. Miniklerden en b\u00fcy\u00fcklere kadar hizmetlerindeyiz. \u00c7ocuklar\u0131m\u0131z i\u00e7in \u00e7al\u0131\u015facak bu federasyon. \u00c7ok fazla turnuvaya g\u00f6nderece\u011fiz. \u00c7ok b\u00fcy\u00fck \u015fampiyonluklar gelecek.&#8221;<\/strong> formunda g\u00f6r\u00fc\u015f belirtti.<\/p>\n","protected":false},"excerpt":{"rendered":"<p>T\u00fcrkiye Boks Federasyonu Ba\u015fkan\u0131 Suat Hekimo\u011flu, hedefleri hakk\u0131nda a\u00e7\u0131klamalarda bulundu.<\/p>\n","protected":false},"author":1,"featured_media":26992,"comment_status":"open","ping_status":"open","sticky":false,"template":"","format":"standard","meta":{"footnotes":""},"categories":[27],"tags":[156,1168,2175,696,782],"class_list":["post-26991","post","type-post","status-publish","format-standard","has-post-thumbnail","hentry","category-guncel-haberler","tag-dunya","tag-federasyon","tag-hekimoglu","tag-sampiyona","tag-sporcu"],"_links":{"self":[{"href":"https:\/\/haberbesiktas.tr\/index.php?rest_route=\/wp\/v2\/posts\/26991","targetHints":{"allow":["GET"]}}],"collection":[{"href":"https:\/\/haberbesiktas.tr\/index.php?rest_route=\/wp\/v2\/posts"}],"about":[{"href":"https:\/\/haberbesiktas.tr\/index.php?rest_route=\/wp\/v2\/types\/post"}],"author":[{"embeddable":true,"href":"https:\/\/haberbesiktas.tr\/index.php?rest_route=\/wp\/v2\/users\/1"}],"replies":[{"embeddable":true,"href":"https:\/\/haberbesiktas.tr\/index.php?rest_route=%2Fwp%2Fv2%2Fcomments&post=26991"}],"version-history":[{"count":1,"href":"https:\/\/haberbesiktas.tr\/index.php?rest_route=\/wp\/v2\/posts\/26991\/revisions"}],"predecessor-version":[{"id":26993,"href":"https:\/\/haberbesiktas.tr\/index.php?rest_route=\/wp\/v2\/posts\/26991\/revisions\/26993"}],"wp:featuredmedia":[{"embeddable":true,"href":"https:\/\/haberbesiktas.tr\/index.php?rest_route=\/wp\/v2\/media\/26992"}],"wp:attachment":[{"href":"https:\/\/haberbesiktas.tr\/index.php?rest_route=%2Fwp%2Fv2%2Fmedia&parent=26991"}],"wp:term":[{"taxonomy":"category","embeddable":true,"href":"https:\/\/haberbesiktas.tr\/index.php?rest_route=%2Fwp%2Fv2%2Fcategories&post=26991"},{"taxonomy":"post_tag","embeddable":true,"href":"https:\/\/haberbesiktas.tr\/index.php?rest_route=%2Fwp%2Fv2%2Ftags&post=26991"}],"curies":[{"name":"wp","href":"https:\/\/api.w.org\/{rel}","templated":true}]}}