{"id":26994,"date":"2025-05-05T22:36:11","date_gmt":"2025-05-05T22:36:11","guid":{"rendered":"https:\/\/haberbesiktas.tr\/?p=26994"},"modified":"2025-05-05T22:36:11","modified_gmt":"2025-05-05T22:36:11","slug":"kurumsal-hayati-birakip-milli-takimin-at-binicisi-oldu","status":"publish","type":"post","link":"https:\/\/haberbesiktas.tr\/?p=26994","title":{"rendered":"Kurumsal hayat\u0131 b\u0131rak\u0131p Milli Tak\u0131m&#8217;\u0131n at binicisi oldu"},"content":{"rendered":"<p>\u0130stanbul&#8217;da ya\u015fayan Dilara Pars, kurumsal i\u015f hayat\u0131n\u0131 b\u0131rak\u0131p \u0130ngiltere&#8217;de ald\u0131\u011f\u0131 e\u011fitimle evvel T\u00fcrkiye&#8217;nin tek diplomal\u0131 at fizyoterapisti akabinde da mani atlama bran\u015f\u0131nda &#8220;Ustalar Ulusal Tak\u0131m\u0131&#8221;n\u0131n tek bayan binicisi unvan\u0131na eri\u015fti.<\/p>\n<p> \u00c7ocukluk ya\u015flar\u0131nda tan\u0131\u015ft\u0131\u011f\u0131 atlara besledi\u011fi sevgiyle \u00f6\u011frencilik hayat\u0131nda da at binmeyi s\u00fcrd\u00fcren Pars, \u0130ngiltere&#8217;deki i\u015fletme e\u011fitiminin akabinde kurumsal firmada \u00e7al\u0131\u015fmaya ba\u015flad\u0131.<\/p>\n<p> Bu s\u00fcre\u00e7te de atlardan uzak kalamayaca\u011f\u0131n\u0131 anlayan Pars, kurumsal i\u015f hayat\u0131na son verip \u0130ngiltere&#8217;de at fizyoterapistli\u011fi e\u011fitimi ald\u0131.<\/p>\n<p> E\u011fitimini muvaffakiyetle tamamlay\u0131p \u00fclkenin tek diplomal\u0131 at fizyoterapisti olarak T\u00fcrkiye&#8217;ye d\u00f6nen Pars, binicili\u011fe kald\u0131\u011f\u0131 yerden devam etti.<\/p>\n<p> T\u00fcrkiye&#8217;deki atlar\u0131n da fizyoterapist olarak yard\u0131m\u0131na ko\u015fan Pars, binicilikte bir\u00e7ok m\u00fcsabakada \u00fclkeyi temsil edip muvaffakiyetten muvaffakiyete ko\u015ftu.<\/p>\n<p> \u0130ki y\u0131ld\u0131r p\u00fcr\u00fcz atlama bran\u015f\u0131nda Ustalar Ulusal Grubu&#8217;nun tek bayan binicisi olan Pars, bu istikametiyle k\u0131z \u00e7ocuklar\u0131na ilham kayna\u011f\u0131 oluyor.<\/p>\n<p> <strong>&#8220;Hayvanlarla olaca\u011f\u0131m bir hayat\u0131 istedi\u011fimi fark ettim&#8221;<\/strong><\/p>\n<p> Dilara Pars, AA muhabirine, yakla\u015f\u0131k 4 y\u0131l s\u00fcren kurumsal hayat\u0131nda at binmeye devam edemedi\u011fini anlatt\u0131.<\/p>\n<p> Pars, <strong>&#8220;Biz, &#8216;Ah\u0131r kokusunu i\u00e7ine \u00e7ekmi\u015f insan.&#8217; diye tan\u0131mlar\u0131z. Be\u015ferler genelde masa ba\u015f\u0131nda bir yerden sonra oturam\u0131yor, daima a\u00e7\u0131k havada hayvanlarla olmak istiyor. Hayvanlarla olaca\u011f\u0131m, onlara yard\u0131mc\u0131 olabilece\u011fim bir hayat\u0131 istedi\u011fimi fark ettim. &#8216;Daha fazla kurumsal hayatta kalmayay\u0131m.&#8217; dedim.&#8221;<\/strong> s\u00f6zlerini kulland\u0131.<\/p>\n<p> Ara\u015ft\u0131rmalar\u0131 sonucunda fizyoterapistin yar\u0131\u015fmac\u0131 atlar i\u00e7in \u00e7ok k\u0131ymetli oldu\u011funu \u00f6\u011frenince e\u011fitim hayat\u0131n\u0131 s\u00fcrd\u00fcrmek i\u00e7in \u0130ngiltere&#8217;ye gitti\u011fini aktaran Pars, sonra diplomas\u0131yla T\u00fcrkiye&#8217;ye d\u00f6nd\u00fc\u011f\u00fcn\u00fc lisana getirdi.<\/p>\n<p> Pars, bu i\u015fi e\u011fitimli halde yapan tek bayan ve ki\u015fi oldu\u011funa dikkati \u00e7ekerek, <strong>&#8220;Hem binicili\u011fimi devam ettirerek hem de yan\u0131nda bu mesle\u011fi \u00f6\u011frenerek hayat\u0131m\u0131 b\u00fcsb\u00fct\u00fcn ah\u0131rlara adad\u0131m. Yakla\u015f\u0131k 25 y\u0131ld\u0131r at binicisiyim. At binmenin verdi\u011fi avantaj\u0131 bu alanda \u00e7ok kullan\u0131yorum zira biri bana at\u0131yla ilgili bir \u015fey dan\u0131\u015ft\u0131\u011f\u0131nda onu hissedebildi\u011fim i\u00e7in sorunu \u00e7ok daha net anlay\u0131p yerinde yard\u0131mlarda bulunabiliyorum.&#8221;<\/strong> dedi.<\/p>\n<p> Atlara her a\u00e7\u0131dan yard\u0131mc\u0131 oldu\u011funu vurgulayan Pars, binicilikte as\u0131l fizik\u00ee sporu atlar\u0131n yapt\u0131\u011f\u0131n\u0131n alt\u0131n\u0131 \u00e7izdi.<\/p>\n<p> Pars, atlar\u0131n bilhassa m\u00fcsabaka devrinde beden adaleleri konusunda belirli bir ilgiye ve takviyeye muhta\u00e7l\u0131\u011f\u0131 oldu\u011fundan bahsederek,<strong> &#8220;Benim yapmaya \u00e7al\u0131\u015ft\u0131\u011f\u0131m \u015fey onlar\u0131 bu performansa haz\u0131rlamak. Kent \u015fehir de geziyorum, atlara yard\u0131mc\u0131 olmaya \u00e7al\u0131\u015f\u0131yorum. Binicilikten kalan vakitte da atlar\u0131n yard\u0131m\u0131na ko\u015fuyorum. Bazen hi\u00e7 tan\u0131mad\u0131\u011f\u0131m at sahipleri toplumsal medyadan bana ula\u015farak g\u00f6r\u00fcnt\u00fc at\u0131p yard\u0131mc\u0131 olmam\u0131 istiyorlar.&#8221;<\/strong> diye konu\u015ftu.<\/p>\n<p> <strong>&#8220;Aileler &#8216;K\u0131z\u0131m\u0131z sizi kendine idol g\u00f6r\u00fcyor.&#8217; diyor&#8221;<\/strong><\/p>\n<p> \u00c7ocuklu\u011funda da ulusal kadrolar i\u00e7in \u00e7ok say\u0131da kar\u015f\u0131la\u015fmada yar\u0131\u015ft\u0131\u011f\u0131n\u0131 kaydeden Pars, \u015f\u00f6yle devam etti:<\/p>\n<p> <strong>&#8220;Binicili\u011fe tekrar d\u00f6nd\u00fc\u011f\u00fcmde s\u0131k\u0131nt\u0131 \u00e7al\u0131\u015fmalar\u0131n sonucunda &#8216;Binicilik P\u00fcr\u00fcz Atlama Ustalar Ulusal Grubu&#8217;na se\u00e7ildim. Ge\u00e7en y\u0131l da bu ba\u015far\u0131y\u0131 g\u00f6sterdim. \u0130ki y\u0131ld\u0131r Ustalar Kadrosu&#8217;nda tek bayan biniciyim. Bu benim i\u00e7in \u00e7ok gurur verici bir \u015fey. Binicilikte bayan olmam, k\u0131z \u00e7ocuklar\u0131na \u00e7ok ho\u015f \u00f6rnek te\u015fkil ediyor. Alttan gelen k\u0131z \u00e7ocuklar\u0131m\u0131za da ilham kayna\u011f\u0131 oldu\u011fumu d\u00fc\u015f\u00fcn\u00fcyorum. \u00c7ok ho\u015f yorumlar al\u0131yorum. Binicilikteki k\u0131z \u00e7ocuklar\u0131 i\u00e7in bir ilham kayna\u011f\u0131, birebir vakitte bir \u00f6rnek olman\u0131n verdi\u011fi hem ufak sorumluluk hem de \u00e7ok b\u00fcy\u00fck memnunluk ve de gurur var.&#8221;<\/strong><\/p>\n<p> Pars, k\u0131z \u00e7ocuklar\u0131 i\u00e7in ba\u015fka ilgi oda\u011f\u0131 oldu\u011funu, gitti\u011fi yar\u0131\u015flarda etraf\u0131na k\u00fc\u00e7\u00fck k\u0131zlar\u0131n geldi\u011fini anlatt\u0131.<\/p>\n<p> Hem m\u00fcsabaka m\u00fchletince hem de yar\u0131\u015flardan sonra \u00e7ok fazla bildiri ald\u0131\u011f\u0131n\u0131 kaydeden Pars, <strong>&#8220;K\u0131z \u00e7ocuklar\u0131n\u0131n aileleri de &#8216;K\u0131z\u0131m\u0131z sizi kendine idol g\u00f6r\u00fcyor.&#8217; diyor.&#8221;<\/strong> tabirini kulland\u0131.<\/p>\n<p> Pars, \u00f6nlerinde T\u00fcrkiye \u015eampiyonas\u0131, Cumhurba\u015fkanl\u0131\u011f\u0131 ve Meclis Kupas\u0131 \u00fczere kar\u015f\u0131la\u015fmalar\u0131n s\u0131raland\u0131\u011f\u0131n\u0131, bunun akabinde ulusal ekibe se\u00e7ilerek \u00fclkeyi S\u0131rbistan&#8217;daki Balkan \u015eampiyonas\u0131&#8217;nda temsil edebilece\u011fini lisana getirdi.<\/p>\n<p> Binicili\u011fin erkek sporu olarak g\u00f6r\u00fclmesinin nedeninin T\u00fcrkiye&#8217;de akla \u00e7abucak jokeylerin gelmesinden kaynakland\u0131\u011f\u0131n\u0131 belirten Pars, <strong>&#8220;Jokeylerin de neredeyse hepsi erkek. Be\u015ferler, &#8216;Ben de at biniyorum.&#8217; dedi\u011fim vakit, &#8216;Bir, iki t\u00fcyo verir misin?&#8217; diyor. Yani herkes asl\u0131nda biraz binicilik sporunu o halde tan\u0131yor maalesef.&#8221;<\/strong> dedi.<\/p>\n<p> Pars, hi\u00e7bir vakit hayvan sevgisinin bu sporun ana temeli oldu\u011funun unutulmamas\u0131 gerekti\u011fini anlatt\u0131.<\/p>\n<p> <strong>&#8220;Atlar bayanlar\u0131n duygusall\u0131\u011f\u0131n\u0131 hissediyor&#8221;<\/strong><\/p>\n<p> Bayan binicilerin say\u0131s\u0131n\u0131n artmas\u0131n\u0131 istedi\u011fini tabir eden Pars, <strong>&#8220;Kad\u0131nlar\u0131n duygusal yap\u0131s\u0131, erkeklere nazaran daha farkl\u0131. M\u00fcnasebetiyle bence atlar da bayanlar\u0131n duygusall\u0131\u011f\u0131n\u0131 hissediyor. Hem binicilikte hem fizyoterapi alan\u0131nda bayanlara daha \u00e7ok gereksinimimiz oldu\u011funu d\u00fc\u015f\u00fcn\u00fcyorum.&#8221;<\/strong> diye konu\u015ftu.<\/p>\n","protected":false},"excerpt":{"rendered":"<p>\u0130stanbul&#8217;da ya\u015fayan Dilara Pars, kurumsal firmadaki i\u015fine son verdikten sonra mahzur atlama bran\u015f\u0131nda &#8220;Ustalar Ulusal Tak\u0131m\u0131&#8221;n\u0131n tek bayan binicisi unvan\u0131na ula\u015f\u0131p muvaffakiyetler kazand\u0131.<\/p>\n","protected":false},"author":1,"featured_media":26995,"comment_status":"open","ping_status":"open","sticky":false,"template":"","format":"standard","meta":{"footnotes":""},"categories":[27],"tags":[2374,2375,246,2373,241],"class_list":["post-26994","post","type-post","status-publish","format-standard","has-post-thumbnail","hentry","category-guncel-haberler","tag-atlar","tag-hayati","tag-kadin","tag-pars","tag-tek"],"_links":{"self":[{"href":"https:\/\/haberbesiktas.tr\/index.php?rest_route=\/wp\/v2\/posts\/26994","targetHints":{"allow":["GET"]}}],"collection":[{"href":"https:\/\/haberbesiktas.tr\/index.php?rest_route=\/wp\/v2\/posts"}],"about":[{"href":"https:\/\/haberbesiktas.tr\/index.php?rest_route=\/wp\/v2\/types\/post"}],"author":[{"embeddable":true,"href":"https:\/\/haberbesiktas.tr\/index.php?rest_route=\/wp\/v2\/users\/1"}],"replies":[{"embeddable":true,"href":"https:\/\/haberbesiktas.tr\/index.php?rest_route=%2Fwp%2Fv2%2Fcomments&post=26994"}],"version-history":[{"count":1,"href":"https:\/\/haberbesiktas.tr\/index.php?rest_route=\/wp\/v2\/posts\/26994\/revisions"}],"predecessor-version":[{"id":26996,"href":"https:\/\/haberbesiktas.tr\/index.php?rest_route=\/wp\/v2\/posts\/26994\/revisions\/26996"}],"wp:featuredmedia":[{"embeddable":true,"href":"https:\/\/haberbesiktas.tr\/index.php?rest_route=\/wp\/v2\/media\/26995"}],"wp:attachment":[{"href":"https:\/\/haberbesiktas.tr\/index.php?rest_route=%2Fwp%2Fv2%2Fmedia&parent=26994"}],"wp:term":[{"taxonomy":"category","embeddable":true,"href":"https:\/\/haberbesiktas.tr\/index.php?rest_route=%2Fwp%2Fv2%2Fcategories&post=26994"},{"taxonomy":"post_tag","embeddable":true,"href":"https:\/\/haberbesiktas.tr\/index.php?rest_route=%2Fwp%2Fv2%2Ftags&post=26994"}],"curies":[{"name":"wp","href":"https:\/\/api.w.org\/{rel}","templated":true}]}}