{"id":26997,"date":"2025-05-05T22:48:15","date_gmt":"2025-05-05T22:48:15","guid":{"rendered":"https:\/\/haberbesiktas.tr\/?p=26997"},"modified":"2025-05-05T22:48:15","modified_gmt":"2025-05-05T22:48:15","slug":"arda-gulerin-yeni-takimi","status":"publish","type":"post","link":"https:\/\/haberbesiktas.tr\/?p=26997","title":{"rendered":"Arda G\u00fcler&#8217;in yeni tak\u0131m\u0131!"},"content":{"rendered":"<div>Real Madrid&#8217;de tak\u0131ma girmekte epeyce zorlanan Arda G\u00fcler ve Endrick&#8217;in talibi Bundesliga&#8217;dan.<\/p>\n<p> Transfer Feed&#8217;in aktard\u0131\u011f\u0131na nazaran, RB Leipzig, her iki oyuncuyu da tak\u0131m\u0131na katmak istiyor ve yaz transfer periyodunda resmi teklif yapmaya haz\u0131rlan\u0131yor.<\/p>\n<p> Real Madrid, gen\u00e7 y\u0131ld\u0131zlar\u0131n\u0131 geli\u015ftirmek i\u00e7in Bundesliga&#8217;y\u0131 hakikat adres olarak g\u00f6r\u00fcyor.<\/p>\n<p> <strong>CARJAVAL \u00d6RNE\u011e\u0130<\/strong><\/p>\n<p> Daha evvel Dani Carvajal, Bayer Leverkusen&#8217;de kiral\u0131k oynay\u0131p geli\u015ferek Madrid&#8217;e geri d\u00f6nm\u00fc\u015ft\u00fc. Kul\u00fcp, emsal bir s\u00fcrecin Endrick ve Arda G\u00fcler i\u00e7in de yararl\u0131 olaca\u011f\u0131na inan\u0131yor.<\/p>\n<p> <strong>\u0130K\u0130 NET \u015eART<\/strong><\/p>\n<p> Lakin Real Madrid&#8217;in bu kiralama s\u00fcreci i\u00e7in iki net kural\u0131 var. Sat\u0131n alma opsiyonu olmayacak, futbolcular s\u0131rf geli\u015fim emeliyle kiralanacak.<\/p>\n<p> Futbolcular\u0131n iste\u011fi belirleyici olacak. Endrick ve Arda G\u00fcler, lakin bu f\u0131rsat\u0131 pahaland\u0131rmak isterse kiralama ger\u00e7ekle\u015fecek.<\/p>\n<p> <strong>PERFORMANSLARI<\/strong><\/p>\n<p> Bu d\u00f6nem Real Madrid formas\u0131yla Endrick 27 ma\u00e7ta 6 gol, Arda G\u00fcler ise 30 ma\u00e7ta 3 gol ve 5 asistle oynad\u0131.\u00a0<\/p>\n<div>\u00a0<\/div>\n<\/div>\n<p><\/p>\n","protected":false},"excerpt":{"rendered":"<p>Real Madrid, gen\u00e7 yetenekleri Endrick ve Arda G\u00fcler&#8217;in gelece\u011fine dair kritik bir karar ald\u0131. \u0130spanyol bas\u0131n\u0131nda yer alan habere nazaran, iki futbolcunun da daha fazla m\u00fcddet alarak geli\u015fimlerini h\u0131zland\u0131rmas\u0131 hedefiyle kiralanmas\u0131 planlan\u0131yor.<\/p>\n","protected":false},"author":1,"featured_media":26998,"comment_status":"open","ping_status":"open","sticky":false,"template":"","format":"standard","meta":{"footnotes":""},"categories":[25],"tags":[1086],"class_list":["post-26997","post","type-post","status-publish","format-standard","has-post-thumbnail","hentry","category-futbol","tag-madrid"],"_links":{"self":[{"href":"https:\/\/haberbesiktas.tr\/index.php?rest_route=\/wp\/v2\/posts\/26997","targetHints":{"allow":["GET"]}}],"collection":[{"href":"https:\/\/haberbesiktas.tr\/index.php?rest_route=\/wp\/v2\/posts"}],"about":[{"href":"https:\/\/haberbesiktas.tr\/index.php?rest_route=\/wp\/v2\/types\/post"}],"author":[{"embeddable":true,"href":"https:\/\/haberbesiktas.tr\/index.php?rest_route=\/wp\/v2\/users\/1"}],"replies":[{"embeddable":true,"href":"https:\/\/haberbesiktas.tr\/index.php?rest_route=%2Fwp%2Fv2%2Fcomments&post=26997"}],"version-history":[{"count":1,"href":"https:\/\/haberbesiktas.tr\/index.php?rest_route=\/wp\/v2\/posts\/26997\/revisions"}],"predecessor-version":[{"id":26999,"href":"https:\/\/haberbesiktas.tr\/index.php?rest_route=\/wp\/v2\/posts\/26997\/revisions\/26999"}],"wp:featuredmedia":[{"embeddable":true,"href":"https:\/\/haberbesiktas.tr\/index.php?rest_route=\/wp\/v2\/media\/26998"}],"wp:attachment":[{"href":"https:\/\/haberbesiktas.tr\/index.php?rest_route=%2Fwp%2Fv2%2Fmedia&parent=26997"}],"wp:term":[{"taxonomy":"category","embeddable":true,"href":"https:\/\/haberbesiktas.tr\/index.php?rest_route=%2Fwp%2Fv2%2Fcategories&post=26997"},{"taxonomy":"post_tag","embeddable":true,"href":"https:\/\/haberbesiktas.tr\/index.php?rest_route=%2Fwp%2Fv2%2Ftags&post=26997"}],"curies":[{"name":"wp","href":"https:\/\/api.w.org\/{rel}","templated":true}]}}