{"id":27000,"date":"2025-05-05T23:00:17","date_gmt":"2025-05-05T23:00:17","guid":{"rendered":"https:\/\/haberbesiktas.tr\/?p=27000"},"modified":"2025-05-05T23:00:17","modified_gmt":"2025-05-05T23:00:17","slug":"samsunsporda-iki-isim-ceza-sinirinda","status":"publish","type":"post","link":"https:\/\/haberbesiktas.tr\/?p=27000","title":{"rendered":"Samsunspor&#8217;da iki isim ceza s\u0131n\u0131r\u0131nda"},"content":{"rendered":"<div>Reeder Samsunspor, Trendyol Muhte\u015fem Lig&#8217;in 27. haftas\u0131nda 9 Mart Pazar g\u00fcn\u00fc alan\u0131nda Adana Demirspor ile kar\u015f\u0131la\u015facak.<\/p>\n<p> Samsun Yeni 19 May\u0131s Stad\u0131&#8217;nda, saat 16.00&#8217;da ba\u015flayacak ma\u00e7\u0131 hakem Arda Karde\u015fler y\u00f6netecek.<\/p>\n<p> Ligde \u00e7\u0131kt\u0131\u011f\u0131 25 ma\u00e7ta 14 galibiyet, 5 beraberlik ve 6 yenilgi ya\u015fayan Samsun grubu, toplad\u0131\u011f\u0131 47 puanla \u00fc\u00e7\u00fcnc\u00fc s\u0131rada yer al\u0131yor.<\/p>\n<p> Karadeniz ekibi, ligde 2 galibiyet ve 4 beraberlik elde eden fakat 12 puan silme cezas\u0131 nedeniyle eksi 2 puanla son s\u0131rada yer alan Adana Demirspor&#8217;u yenerek \u00fcst s\u0131ralardaki yerini korumak istiyor.<\/p>\n<p> D\u00f6nemin birinci yar\u0131s\u0131ndaki iki kadro ortas\u0131ndaki m\u00fcsabakay\u0131 k\u0131rm\u0131z\u0131-beyazl\u0131 grup 3-1 kazanm\u0131\u015ft\u0131.<\/p>\n<p> <strong>\u0130ki isim ceza hududunda, Carlo Holse ise cezal\u0131<\/strong><\/p>\n<p> Samsunspor&#8217;da Adana Demirspor ma\u00e7\u0131 \u00f6ncesinde iki oyuncu sar\u0131 kart ceza hududunda bulunuyor.<\/p>\n<p> Celil Y\u00fcksel ve Arbnor Muja kart g\u00f6rmeleri halinde cezal\u0131 duruma d\u00fc\u015fecek.<\/p>\n<p> Karadeniz tak\u0131m\u0131nda sar\u0131 kart cezal\u0131 Carlo Holse d\u0131\u015f\u0131nda eksik oyuncu bulunmuyor.<\/p>\n<\/div>\n<p><\/p>\n","protected":false},"excerpt":{"rendered":"<p>Samsunspor, S\u00fcper Lig&#8217;de 9 Mart Pazar g\u00fcn\u00fc Adana Demirspor&#8217;u konuk edecek.<\/p>\n","protected":false},"author":1,"featured_media":27001,"comment_status":"open","ping_status":"open","sticky":false,"template":"","format":"standard","meta":{"footnotes":""},"categories":[25],"tags":[505],"class_list":["post-27000","post","type-post","status-publish","format-standard","has-post-thumbnail","hentry","category-futbol","tag-ceza"],"_links":{"self":[{"href":"https:\/\/haberbesiktas.tr\/index.php?rest_route=\/wp\/v2\/posts\/27000","targetHints":{"allow":["GET"]}}],"collection":[{"href":"https:\/\/haberbesiktas.tr\/index.php?rest_route=\/wp\/v2\/posts"}],"about":[{"href":"https:\/\/haberbesiktas.tr\/index.php?rest_route=\/wp\/v2\/types\/post"}],"author":[{"embeddable":true,"href":"https:\/\/haberbesiktas.tr\/index.php?rest_route=\/wp\/v2\/users\/1"}],"replies":[{"embeddable":true,"href":"https:\/\/haberbesiktas.tr\/index.php?rest_route=%2Fwp%2Fv2%2Fcomments&post=27000"}],"version-history":[{"count":1,"href":"https:\/\/haberbesiktas.tr\/index.php?rest_route=\/wp\/v2\/posts\/27000\/revisions"}],"predecessor-version":[{"id":27002,"href":"https:\/\/haberbesiktas.tr\/index.php?rest_route=\/wp\/v2\/posts\/27000\/revisions\/27002"}],"wp:featuredmedia":[{"embeddable":true,"href":"https:\/\/haberbesiktas.tr\/index.php?rest_route=\/wp\/v2\/media\/27001"}],"wp:attachment":[{"href":"https:\/\/haberbesiktas.tr\/index.php?rest_route=%2Fwp%2Fv2%2Fmedia&parent=27000"}],"wp:term":[{"taxonomy":"category","embeddable":true,"href":"https:\/\/haberbesiktas.tr\/index.php?rest_route=%2Fwp%2Fv2%2Fcategories&post=27000"},{"taxonomy":"post_tag","embeddable":true,"href":"https:\/\/haberbesiktas.tr\/index.php?rest_route=%2Fwp%2Fv2%2Ftags&post=27000"}],"curies":[{"name":"wp","href":"https:\/\/api.w.org\/{rel}","templated":true}]}}