{"id":27045,"date":"2025-05-06T02:00:16","date_gmt":"2025-05-06T02:00:16","guid":{"rendered":"https:\/\/haberbesiktas.tr\/?p=27045"},"modified":"2025-05-06T02:00:16","modified_gmt":"2025-05-06T02:00:16","slug":"altinordu-fethiyespora-konuk-olacak","status":"publish","type":"post","link":"https:\/\/haberbesiktas.tr\/?p=27045","title":{"rendered":"Alt\u0131nordu, Fethiyespor&#8217;a konuk olacak"},"content":{"rendered":"<div>2&#8217;nci Lig Beyaz K\u00fcme&#8217;de ge\u00e7en hafta meskeninde Beykoz Anadoluspor&#8217;la 1-1 berabere kalarak 3 ma\u00e7l\u0131k galibiyet serisi sona eren Alt\u0131nordu yar\u0131n deplasmanda Fethiyespor&#8217;la kar\u015f\u0131 kar\u015f\u0131ya gelecek. Fethiye \u0130l\u00e7e Stad\u0131&#8217;nda saat 14.00&#8217;te ba\u015flayacak 26&#8217;nc\u0131 hafta ma\u00e7\u0131n\u0131 Birkan Alt\u0131nda\u015f y\u00f6netecek. <\/p>\n<p>Ligde 48 puanla 3&#8217;\u00fcnc\u00fc s\u0131rada yer alan \u0130zmir temsilcisi, 30 puan\u0131 bulunan 10&#8217;uncu basamaktaki Fethiye grubunu yenerek tepe yar\u0131\u015f\u0131n\u0131 s\u00fcrd\u00fcrmek istiyor. Ligde birinci yar\u0131n\u0131n son haftas\u0131ndan bu yana 8 ma\u00e7t\u0131r galibiyet y\u00fcz\u00fc g\u00f6remeyen Fethiyespor da 3 puan hasretine son vermeyi hedefliyor. Konuk tak\u0131m k\u0131rm\u0131z\u0131-lacivertlilerde sar\u0131 kart cezal\u0131s\u0131 Yusuf, konut sahibi lacivert-beyazl\u0131larda sar\u0131 kart cezal\u0131s\u0131 Berkay forma giyemeyecek.<\/p><\/div>\n<p><\/p>\n","protected":false},"excerpt":{"rendered":"<p>Alt\u0131nordu, 2. Lig Beyaz K\u00fcme&#8217;de 9 Mart Pazar g\u00fcn\u00fc Fethiyespor&#8217;a konuk olacak.<\/p>\n","protected":false},"author":1,"featured_media":27046,"comment_status":"open","ping_status":"open","sticky":false,"template":"","format":"standard","meta":{"footnotes":""},"categories":[25],"tags":[],"class_list":["post-27045","post","type-post","status-publish","format-standard","has-post-thumbnail","hentry","category-futbol"],"_links":{"self":[{"href":"https:\/\/haberbesiktas.tr\/index.php?rest_route=\/wp\/v2\/posts\/27045","targetHints":{"allow":["GET"]}}],"collection":[{"href":"https:\/\/haberbesiktas.tr\/index.php?rest_route=\/wp\/v2\/posts"}],"about":[{"href":"https:\/\/haberbesiktas.tr\/index.php?rest_route=\/wp\/v2\/types\/post"}],"author":[{"embeddable":true,"href":"https:\/\/haberbesiktas.tr\/index.php?rest_route=\/wp\/v2\/users\/1"}],"replies":[{"embeddable":true,"href":"https:\/\/haberbesiktas.tr\/index.php?rest_route=%2Fwp%2Fv2%2Fcomments&post=27045"}],"version-history":[{"count":1,"href":"https:\/\/haberbesiktas.tr\/index.php?rest_route=\/wp\/v2\/posts\/27045\/revisions"}],"predecessor-version":[{"id":27047,"href":"https:\/\/haberbesiktas.tr\/index.php?rest_route=\/wp\/v2\/posts\/27045\/revisions\/27047"}],"wp:featuredmedia":[{"embeddable":true,"href":"https:\/\/haberbesiktas.tr\/index.php?rest_route=\/wp\/v2\/media\/27046"}],"wp:attachment":[{"href":"https:\/\/haberbesiktas.tr\/index.php?rest_route=%2Fwp%2Fv2%2Fmedia&parent=27045"}],"wp:term":[{"taxonomy":"category","embeddable":true,"href":"https:\/\/haberbesiktas.tr\/index.php?rest_route=%2Fwp%2Fv2%2Fcategories&post=27045"},{"taxonomy":"post_tag","embeddable":true,"href":"https:\/\/haberbesiktas.tr\/index.php?rest_route=%2Fwp%2Fv2%2Ftags&post=27045"}],"curies":[{"name":"wp","href":"https:\/\/api.w.org\/{rel}","templated":true}]}}