{"id":27048,"date":"2025-05-06T02:12:13","date_gmt":"2025-05-06T02:12:13","guid":{"rendered":"https:\/\/haberbesiktas.tr\/?p=27048"},"modified":"2025-05-06T02:12:13","modified_gmt":"2025-05-06T02:12:13","slug":"altay-evinde-galibiyet-istiyor","status":"publish","type":"post","link":"https:\/\/haberbesiktas.tr\/?p=27048","title":{"rendered":"Altay evinde galibiyet istiyor"},"content":{"rendered":"<div>2&#8217;nci Lig Beyaz K\u00fcme&#8217;de ge\u00e7en hafta deplasmanda k\u00fcmede kalma yar\u0131\u015f\u0131ndaki direkt rakibi Karak\u00f6pr\u00fc Belediyespor&#8217;u birinci yar\u0131s\u0131n\u0131 1-0 geride kapatt\u0131\u011f\u0131 randevuda 2-1 yenerek kritik bir galibiyet elde eden Altay yar\u0131n konutunda 1461 Trabzon&#8217;la kozlar\u0131n\u0131 payla\u015facak. Alsancak Mustafa Denizli Stad\u0131&#8217;nda saat 14.00&#8217;te ba\u015flayacak 26&#8217;nc\u0131 hafta \u00e7abas\u0131n\u0131 Hakan Ergin y\u00f6netecek. Ma\u00e7\u0131n biletleri maraton ve konuk trib\u00fcn\u00fc 65, numaral\u0131 275, VIP 650 ve 1000 TL&#8217;den sat\u0131\u015fa sunuldu. \u00d6\u011frenci ve bayanlara numaral\u0131 trib\u00fcn bileti gi\u015felerden 135 TL kar\u015f\u0131l\u0131\u011f\u0131nda sat\u0131lacak.<\/p>\n<p> Ligde 18 puanla 16&#8217;nc\u0131 s\u0131rada d\u00fc\u015fme s\u0131n\u0131r\u0131nda yer alan Altay, 27 puan\u0131 bulunan 11&#8217;inci basamaktaki Karadeniz grubunu yenerek 2&#8217;de 2 yapmay\u0131 hedefliyor. D\u00f6nemin birinci yar\u0131s\u0131nda rakibine deplasmanda 3-0 yenilen siyah-beyazl\u0131lar bu sefer kazan\u0131p ate\u015f s\u0131n\u0131r\u0131ndan \u00e7\u0131kmak istiyor.<\/p>\n<p> Altay&#8217;da ge\u00e7en hafta galibiyet gol\u00fcne imza atan stoper Kuban, sar\u0131 kart cezal\u0131s\u0131 olmas\u0131 nedeniyle forma giyemeyecek. Kuban&#8217;\u0131n yoklu\u011funda Hikmet&#8217;in vazife almas\u0131 bekleniyor. Sakatl\u0131ktan \u00e7\u0131kan lakin idman eksi\u011fi olan sol kanat Mehmet G\u00fcnd\u00fcz&#8217;\u00fcn durumu ma\u00e7 saatinde netle\u015fecek.<\/p>\n<\/div>\n<p><\/p>\n","protected":false},"excerpt":{"rendered":"<p>Altay, 2. Lig Beyaz K\u00fcme&#8217;de alan\u0131nda 1461 Trabzon&#8217;u a\u011f\u0131rlayacak.<\/p>\n","protected":false},"author":1,"featured_media":27049,"comment_status":"open","ping_status":"open","sticky":false,"template":"","format":"standard","meta":{"footnotes":""},"categories":[25],"tags":[],"class_list":["post-27048","post","type-post","status-publish","format-standard","has-post-thumbnail","hentry","category-futbol"],"_links":{"self":[{"href":"https:\/\/haberbesiktas.tr\/index.php?rest_route=\/wp\/v2\/posts\/27048","targetHints":{"allow":["GET"]}}],"collection":[{"href":"https:\/\/haberbesiktas.tr\/index.php?rest_route=\/wp\/v2\/posts"}],"about":[{"href":"https:\/\/haberbesiktas.tr\/index.php?rest_route=\/wp\/v2\/types\/post"}],"author":[{"embeddable":true,"href":"https:\/\/haberbesiktas.tr\/index.php?rest_route=\/wp\/v2\/users\/1"}],"replies":[{"embeddable":true,"href":"https:\/\/haberbesiktas.tr\/index.php?rest_route=%2Fwp%2Fv2%2Fcomments&post=27048"}],"version-history":[{"count":1,"href":"https:\/\/haberbesiktas.tr\/index.php?rest_route=\/wp\/v2\/posts\/27048\/revisions"}],"predecessor-version":[{"id":27050,"href":"https:\/\/haberbesiktas.tr\/index.php?rest_route=\/wp\/v2\/posts\/27048\/revisions\/27050"}],"wp:featuredmedia":[{"embeddable":true,"href":"https:\/\/haberbesiktas.tr\/index.php?rest_route=\/wp\/v2\/media\/27049"}],"wp:attachment":[{"href":"https:\/\/haberbesiktas.tr\/index.php?rest_route=%2Fwp%2Fv2%2Fmedia&parent=27048"}],"wp:term":[{"taxonomy":"category","embeddable":true,"href":"https:\/\/haberbesiktas.tr\/index.php?rest_route=%2Fwp%2Fv2%2Fcategories&post=27048"},{"taxonomy":"post_tag","embeddable":true,"href":"https:\/\/haberbesiktas.tr\/index.php?rest_route=%2Fwp%2Fv2%2Ftags&post=27048"}],"curies":[{"name":"wp","href":"https:\/\/api.w.org\/{rel}","templated":true}]}}