{"id":27138,"date":"2025-05-06T08:00:15","date_gmt":"2025-05-06T08:00:15","guid":{"rendered":"https:\/\/haberbesiktas.tr\/?p=27138"},"modified":"2025-05-06T08:00:15","modified_gmt":"2025-05-06T08:00:15","slug":"10-kisi-kalan-bayern-munih-evinde-yikildi","status":"publish","type":"post","link":"https:\/\/haberbesiktas.tr\/?p=27138","title":{"rendered":"10 ki\u015fi kalan Bayern M\u00fcnih, evinde y\u0131k\u0131ld\u0131!"},"content":{"rendered":"<div>Almanya Bundesliga&#8217;n\u0131n 25. haftas\u0131nda Bayern M\u00fcnih, Bochum&#8217;u konuk etti.<\/p>\n<p> Allianz Arena&#8217;da oynanan \u00e7abay\u0131 konut sahibi 2-1 kazand\u0131.<\/p>\n<p> Bayern M\u00fcnih&#8217;e galibiyeti getiren golleri 14 ile 28. dakikalarda\u00a0<strong>Raphael Guerreiro<\/strong>&#8216;nun golleri ile 2-0 \u00f6ne ge\u00e7ti.<strong><br \/><\/strong><\/p>\n<p> Bayern M\u00fcnih&#8217;te\u00a0<strong>Serge Gnabry<\/strong>, 22. dakikada penalt\u0131 at\u0131\u015f\u0131ndan yararlanamad\u0131.<\/p>\n<p> Bochum ise 31. dakikada\u00a0<strong>Jakov Medic <\/strong>ile fark\u0131 1&#8217;e indiren gol\u00fc att\u0131.<\/p>\n<p> 42. dakikada ise Bayern M\u00fcnih&#8217;te<strong>\u00a0Joao Palhinha,<\/strong>\u00a0yapt\u0131\u011f\u0131 faul sonras\u0131 k\u0131rm\u0131z\u0131 kartla cezaland\u0131r\u0131ld\u0131.<\/p>\n<p>\u0130lk yar\u0131 Bayern M\u00fcnih&#8217;in 2-1&#8217;lik \u00fcst\u00fcnl\u00fc\u011f\u00fcyle tamamlan\u0131rken Bochum, 51. dakikada<strong> Ibrahima Sissoko<\/strong> ve 71. dakikada<strong> Matus Bero<\/strong>&#8216;nun golleriyle 3-2 \u00f6ne ge\u00e7ti.\u00a0<\/p>\n<p>M\u00fccadelede \u00f6teki gol sesi \u00e7\u0131kmad\u0131 ve Bayern M\u00fcnih, konutunda Bochum&#8217;a 3-2 ma\u011flup oldu.\u00a0<\/p>\n<p> 10 ma\u00e7 sonra birinci sefer ma\u011flup olan \u00f6nder Bayern M\u00fcnih, 61 puanda kald\u0131.\u00a0<\/p>\n<p> 20 puana ula\u015fam Bochum ise 17. s\u0131rada konumland\u0131.<\/p>\n<p> Ligde bir sonraki hafta Bayern M\u00fcnih, deplasmanda Union Berlin ile kar\u015f\u0131la\u015facak.<\/p>\n<p><strong>ALLIANZ ARENA&#8217;DA G\u00d6RSEL \u015e\u00d6LEN<\/strong><\/p>\n<p> \u00d6te yandan Bayern M\u00fcnih taraftarlar\u0131, kul\u00fcb\u00fcn 125. y\u0131l d\u00f6n\u00fcm\u00fc m\u00fcnasebetiyle stadyumda adeta bir g\u00f6rsel \u015f\u00f6len olu\u015fturdu.<\/p>\n<blockquote class=\"twitter-tweet\" data-width=\"500\" data-dnt=\"true\">\n<p lang=\"tr\" dir=\"ltr\">\ud83d\udd34Bayern M\u00fcnih, 125. y\u0131l\u0131n\u0131 kutluyor. <a href=\"https:\/\/t.co\/IxmQJmtIDD\" rel=\"nofollow\">pic.twitter.com\/IxmQJmtIDD<\/a><\/p>\n<p>&mdash; Sporxtv (@sporxtv) <a href=\"https:\/\/twitter.com\/sporxtv\/status\/1898394126443257979?ref_src=twsrc%5Etfw\" rel=\"nofollow noopener\" target=\"_blank\">March 8, 2025<\/a><\/p><\/blockquote>\n<p><script async src=\"https:\/\/platform.twitter.com\/widgets.js\" charset=\"utf-8\"><\/script><\/p>\n<\/div>\n<p><\/p>\n","protected":false},"excerpt":{"rendered":"<p>Almanya Bundesliga&#8217;n\u0131n 25. haftas\u0131nda Bayern M\u00fcnih, konuk etti\u011fi Bochum&#8217;a 3-2 yenildi. Bayern, 42. dakikada 10 ki\u015fi kald\u0131.<\/p>\n","protected":false},"author":1,"featured_media":27140,"comment_status":"open","ping_status":"open","sticky":false,"template":"","format":"standard","meta":{"footnotes":""},"categories":[25],"tags":[1171,913,77],"class_list":["post-27138","post","type-post","status-publish","format-standard","has-post-thumbnail","hentry","category-futbol","tag-bayern-munih","tag-bochum","tag-gol"],"_links":{"self":[{"href":"https:\/\/haberbesiktas.tr\/index.php?rest_route=\/wp\/v2\/posts\/27138","targetHints":{"allow":["GET"]}}],"collection":[{"href":"https:\/\/haberbesiktas.tr\/index.php?rest_route=\/wp\/v2\/posts"}],"about":[{"href":"https:\/\/haberbesiktas.tr\/index.php?rest_route=\/wp\/v2\/types\/post"}],"author":[{"embeddable":true,"href":"https:\/\/haberbesiktas.tr\/index.php?rest_route=\/wp\/v2\/users\/1"}],"replies":[{"embeddable":true,"href":"https:\/\/haberbesiktas.tr\/index.php?rest_route=%2Fwp%2Fv2%2Fcomments&post=27138"}],"version-history":[{"count":1,"href":"https:\/\/haberbesiktas.tr\/index.php?rest_route=\/wp\/v2\/posts\/27138\/revisions"}],"predecessor-version":[{"id":27141,"href":"https:\/\/haberbesiktas.tr\/index.php?rest_route=\/wp\/v2\/posts\/27138\/revisions\/27141"}],"wp:featuredmedia":[{"embeddable":true,"href":"https:\/\/haberbesiktas.tr\/index.php?rest_route=\/wp\/v2\/media\/27140"}],"wp:attachment":[{"href":"https:\/\/haberbesiktas.tr\/index.php?rest_route=%2Fwp%2Fv2%2Fmedia&parent=27138"}],"wp:term":[{"taxonomy":"category","embeddable":true,"href":"https:\/\/haberbesiktas.tr\/index.php?rest_route=%2Fwp%2Fv2%2Fcategories&post=27138"},{"taxonomy":"post_tag","embeddable":true,"href":"https:\/\/haberbesiktas.tr\/index.php?rest_route=%2Fwp%2Fv2%2Ftags&post=27138"}],"curies":[{"name":"wp","href":"https:\/\/api.w.org\/{rel}","templated":true}]}}