{"id":27142,"date":"2025-05-06T08:12:14","date_gmt":"2025-05-06T08:12:14","guid":{"rendered":"https:\/\/haberbesiktas.tr\/?p=27142"},"modified":"2025-05-06T08:12:14","modified_gmt":"2025-05-06T08:12:14","slug":"bayer-leverkusene-evinde-surpriz-sonuc","status":"publish","type":"post","link":"https:\/\/haberbesiktas.tr\/?p=27142","title":{"rendered":"Bayer Leverkusen&#8217;e evinde s\u00fcrpriz sonu\u00e7!"},"content":{"rendered":"<div>Almanya Bundesliga&#8217;n\u0131n 25. haftas\u0131nda tepe gayreti veren tak\u0131mlardan Bayer Leverkusen, alan\u0131nda Werder Bremen ile kar\u015f\u0131 kar\u015f\u0131ya geldi. BayArena&#8217;daki ma\u00e7ta kazanan 2-0&#8217;l\u0131k skorla Werder Bremen oldu.<\/p>\n<p> Werder Bremen&#8217;e galibiyeti getiren golleri 7. dakikada Romano Schmid ve 90+4. dakikada\u00a0Justin Njinmah att\u0131.<\/p>\n<p> Bu sonucun akabinde Bayer Leverkusen, ligde ikinci haftan\u0131n akabinde birinci hezimetini ald\u0131 ve 53 puanda kald\u0131. Werder Bremen, ligdeki d\u00f6rt ma\u00e7l\u0131k hezimet serisine son verdi ve 33 puana y\u00fckseldi.<\/p>\n<p> Bayer Leverkusen, gelecek hafta Stuttgart deplasman\u0131na gidecek. Werder Bremen, gelecek hafta alan\u0131nda Borussia M\u00f6nchengladbach&#8217;\u0131 a\u011f\u0131rlayacak.<\/p>\n<\/div>\n<p><\/p>\n","protected":false},"excerpt":{"rendered":"<p>Almanya Bundesliga&#8217;da Bayer Leverkusen, alan\u0131nda Werder Bremen&#8217;e 2-0&#8217;l\u0131k skorla kaybetti.<\/p>\n","protected":false},"author":1,"featured_media":27143,"comment_status":"open","ping_status":"open","sticky":false,"template":"","format":"standard","meta":{"footnotes":""},"categories":[25],"tags":[2055],"class_list":["post-27142","post","type-post","status-publish","format-standard","has-post-thumbnail","hentry","category-futbol","tag-werder-bremen"],"_links":{"self":[{"href":"https:\/\/haberbesiktas.tr\/index.php?rest_route=\/wp\/v2\/posts\/27142","targetHints":{"allow":["GET"]}}],"collection":[{"href":"https:\/\/haberbesiktas.tr\/index.php?rest_route=\/wp\/v2\/posts"}],"about":[{"href":"https:\/\/haberbesiktas.tr\/index.php?rest_route=\/wp\/v2\/types\/post"}],"author":[{"embeddable":true,"href":"https:\/\/haberbesiktas.tr\/index.php?rest_route=\/wp\/v2\/users\/1"}],"replies":[{"embeddable":true,"href":"https:\/\/haberbesiktas.tr\/index.php?rest_route=%2Fwp%2Fv2%2Fcomments&post=27142"}],"version-history":[{"count":1,"href":"https:\/\/haberbesiktas.tr\/index.php?rest_route=\/wp\/v2\/posts\/27142\/revisions"}],"predecessor-version":[{"id":27144,"href":"https:\/\/haberbesiktas.tr\/index.php?rest_route=\/wp\/v2\/posts\/27142\/revisions\/27144"}],"wp:featuredmedia":[{"embeddable":true,"href":"https:\/\/haberbesiktas.tr\/index.php?rest_route=\/wp\/v2\/media\/27143"}],"wp:attachment":[{"href":"https:\/\/haberbesiktas.tr\/index.php?rest_route=%2Fwp%2Fv2%2Fmedia&parent=27142"}],"wp:term":[{"taxonomy":"category","embeddable":true,"href":"https:\/\/haberbesiktas.tr\/index.php?rest_route=%2Fwp%2Fv2%2Fcategories&post=27142"},{"taxonomy":"post_tag","embeddable":true,"href":"https:\/\/haberbesiktas.tr\/index.php?rest_route=%2Fwp%2Fv2%2Ftags&post=27142"}],"curies":[{"name":"wp","href":"https:\/\/api.w.org\/{rel}","templated":true}]}}