{"id":27170,"date":"2025-05-06T10:00:28","date_gmt":"2025-05-06T10:00:28","guid":{"rendered":"https:\/\/haberbesiktas.tr\/?p=27170"},"modified":"2025-05-06T10:00:28","modified_gmt":"2025-05-06T10:00:28","slug":"trabzonspor-tribunlerinden-senol-gunese-tepki","status":"publish","type":"post","link":"https:\/\/haberbesiktas.tr\/?p=27170","title":{"rendered":"Trabzonspor trib\u00fcnlerinden \u015eenol G\u00fcne\u015f&#8217;e tepki!"},"content":{"rendered":"<div>S\u00fcper Lig&#8217;de Hatayspor ile kar\u015f\u0131la\u015fan Trabzonspor&#8217;da trib\u00fcnlerden \u015eenol G\u00fcne\u015f&#8217;e reaksiyon geldi.<\/p>\n<p> Trabzonspor, Hatayspor kar\u015f\u0131s\u0131nda 22. dakikada G\u00f6rkem Sa\u011flam&#8217;\u0131n att\u0131\u011f\u0131 golle 1-0 geriye d\u00fc\u015ft\u00fc.<\/p>\n<p> Trabzonsporlu trib\u00fcnler, bu gol\u00fcn akabinde, &#8220;S\u00f6ylesene \u015eenol Hoca ekip ni\u00e7in oynam\u0131yor?&#8221; tezah\u00fcratlar\u0131nda bulundu.<\/p>\n<\/div>\n<p><\/p>\n","protected":false},"excerpt":{"rendered":"<p>Trabzonspor trib\u00fcnleri, Hatayspor gol\u00fcn\u00fcn akabinde, &#8220;S\u00f6ylesene \u015eenol Hoca kadro ni\u00e7in oynam\u0131yor?&#8221; halinde tezah\u00fcratlarda bulundu.<\/p>\n","protected":false},"author":1,"featured_media":27171,"comment_status":"open","ping_status":"open","sticky":false,"template":"","format":"standard","meta":{"footnotes":""},"categories":[25],"tags":[],"class_list":["post-27170","post","type-post","status-publish","format-standard","has-post-thumbnail","hentry","category-futbol"],"_links":{"self":[{"href":"https:\/\/haberbesiktas.tr\/index.php?rest_route=\/wp\/v2\/posts\/27170","targetHints":{"allow":["GET"]}}],"collection":[{"href":"https:\/\/haberbesiktas.tr\/index.php?rest_route=\/wp\/v2\/posts"}],"about":[{"href":"https:\/\/haberbesiktas.tr\/index.php?rest_route=\/wp\/v2\/types\/post"}],"author":[{"embeddable":true,"href":"https:\/\/haberbesiktas.tr\/index.php?rest_route=\/wp\/v2\/users\/1"}],"replies":[{"embeddable":true,"href":"https:\/\/haberbesiktas.tr\/index.php?rest_route=%2Fwp%2Fv2%2Fcomments&post=27170"}],"version-history":[{"count":1,"href":"https:\/\/haberbesiktas.tr\/index.php?rest_route=\/wp\/v2\/posts\/27170\/revisions"}],"predecessor-version":[{"id":27172,"href":"https:\/\/haberbesiktas.tr\/index.php?rest_route=\/wp\/v2\/posts\/27170\/revisions\/27172"}],"wp:featuredmedia":[{"embeddable":true,"href":"https:\/\/haberbesiktas.tr\/index.php?rest_route=\/wp\/v2\/media\/27171"}],"wp:attachment":[{"href":"https:\/\/haberbesiktas.tr\/index.php?rest_route=%2Fwp%2Fv2%2Fmedia&parent=27170"}],"wp:term":[{"taxonomy":"category","embeddable":true,"href":"https:\/\/haberbesiktas.tr\/index.php?rest_route=%2Fwp%2Fv2%2Fcategories&post=27170"},{"taxonomy":"post_tag","embeddable":true,"href":"https:\/\/haberbesiktas.tr\/index.php?rest_route=%2Fwp%2Fv2%2Ftags&post=27170"}],"curies":[{"name":"wp","href":"https:\/\/api.w.org\/{rel}","templated":true}]}}