{"id":27176,"date":"2025-05-06T10:24:16","date_gmt":"2025-05-06T10:24:16","guid":{"rendered":"https:\/\/haberbesiktas.tr\/?p=27176"},"modified":"2025-05-06T10:24:16","modified_gmt":"2025-05-06T10:24:16","slug":"piatekten-transfer-itirafi","status":"publish","type":"post","link":"https:\/\/haberbesiktas.tr\/?p=27176","title":{"rendered":"Piatek&#8217;ten transfer itiraf\u0131!"},"content":{"rendered":"<div>Ba\u015fak\u015fehir&#8217;in golc\u00fc oyuncusu Krzysztof Piatek, verdi\u011fi r\u00f6portajda transfer itiraf\u0131nda bulundu.<\/p>\n<p> Piatek, orta transfer devrinin son g\u00fcn\u00fcnde iki k\u0131ymetli teklif ald\u0131\u011f\u0131n\u0131 fakat Ba\u015fak\u015fehir&#8217;de kald\u0131\u011f\u0131n\u0131 s\u00f6yledi.<\/p>\n<p> Polonyal\u0131 golc\u00fc<strong>, &#8220;Ara transfer periyodunda iki k\u0131ymetli ligden iki somut teklif ald\u0131m. \u015eayet d\u00fc\u015f\u00fcnmek i\u00e7in \u00fc\u00e7 g\u00fcn\u00fcm olsayd\u0131 ayr\u0131lmay\u0131 d\u00fc\u015f\u00fcnebilirdim lakin transfer periyodunun bitmesine be\u015f saat kalm\u0131\u015ft\u0131. Ayr\u0131nt\u0131lar\u0131 a\u00e7\u0131klayamam fakat sahiden g\u00fc\u00e7l\u00fc kadrolard\u0131 ve benim i\u00e7in \u00e2l\u00e2 bir teklif yapt\u0131lar.&#8221;<\/strong> dedi.<\/p>\n<p> Yeni piyasa pahas\u0131 6.5 milyon euro olarak g\u00f6sterilen 29 ya\u015f\u0131ndaki Piatek&#8217;in Ba\u015fak\u015fehir ile kontrat\u0131 2026 y\u0131l\u0131na kadar devam ediyor.<\/p>\n<p> Ba\u015fak\u015fehir&#8217;de bu d\u00f6nem 39 ma\u00e7ta m\u00fcddet bulan Piatek, 28 gol att\u0131 ve 5 asist yapt\u0131.<\/p>\n<\/div>\n<p><\/p>\n","protected":false},"excerpt":{"rendered":"<p>Ba\u015fak\u015fehir formas\u0131 giyen Krzysztof Piatek, orta transfer devrinin son g\u00fcn\u00fcnde iki k\u0131ymetli teklif ald\u0131\u011f\u0131n\u0131 fakat grupta kald\u0131\u011f\u0131n\u0131 s\u00f6yledi.<\/p>\n","protected":false},"author":1,"featured_media":27177,"comment_status":"open","ping_status":"open","sticky":false,"template":"","format":"standard","meta":{"footnotes":""},"categories":[25],"tags":[],"class_list":["post-27176","post","type-post","status-publish","format-standard","has-post-thumbnail","hentry","category-futbol"],"_links":{"self":[{"href":"https:\/\/haberbesiktas.tr\/index.php?rest_route=\/wp\/v2\/posts\/27176","targetHints":{"allow":["GET"]}}],"collection":[{"href":"https:\/\/haberbesiktas.tr\/index.php?rest_route=\/wp\/v2\/posts"}],"about":[{"href":"https:\/\/haberbesiktas.tr\/index.php?rest_route=\/wp\/v2\/types\/post"}],"author":[{"embeddable":true,"href":"https:\/\/haberbesiktas.tr\/index.php?rest_route=\/wp\/v2\/users\/1"}],"replies":[{"embeddable":true,"href":"https:\/\/haberbesiktas.tr\/index.php?rest_route=%2Fwp%2Fv2%2Fcomments&post=27176"}],"version-history":[{"count":1,"href":"https:\/\/haberbesiktas.tr\/index.php?rest_route=\/wp\/v2\/posts\/27176\/revisions"}],"predecessor-version":[{"id":27178,"href":"https:\/\/haberbesiktas.tr\/index.php?rest_route=\/wp\/v2\/posts\/27176\/revisions\/27178"}],"wp:featuredmedia":[{"embeddable":true,"href":"https:\/\/haberbesiktas.tr\/index.php?rest_route=\/wp\/v2\/media\/27177"}],"wp:attachment":[{"href":"https:\/\/haberbesiktas.tr\/index.php?rest_route=%2Fwp%2Fv2%2Fmedia&parent=27176"}],"wp:term":[{"taxonomy":"category","embeddable":true,"href":"https:\/\/haberbesiktas.tr\/index.php?rest_route=%2Fwp%2Fv2%2Fcategories&post=27176"},{"taxonomy":"post_tag","embeddable":true,"href":"https:\/\/haberbesiktas.tr\/index.php?rest_route=%2Fwp%2Fv2%2Ftags&post=27176"}],"curies":[{"name":"wp","href":"https:\/\/api.w.org\/{rel}","templated":true}]}}